{"id":283,"count":1,"description":"","link":"https:\/\/radioterrafm.com\/site\/tag\/emocoes-nao-processadas\/","name":"Emo\u00e7\u00f5es n\u00e3o processadas","slug":"emocoes-nao-processadas","taxonomy":"post_tag","meta":[],"_links":{"self":[{"href":"https:\/\/radioterrafm.com\/site\/wp-json\/wp\/v2\/tags\/283","targetHints":{"allow":["GET"]}}],"collection":[{"href":"https:\/\/radioterrafm.com\/site\/wp-json\/wp\/v2\/tags"}],"about":[{"href":"https:\/\/radioterrafm.com\/site\/wp-json\/wp\/v2\/taxonomies\/post_tag"}],"wp:post_type":[{"href":"https:\/\/radioterrafm.com\/site\/wp-json\/wp\/v2\/posts?tags=283"},{"href":"https:\/\/radioterrafm.com\/site\/wp-json\/wp\/v2\/podcast?tags=283"}],"curies":[{"name":"wp","href":"https:\/\/api.w.org\/{rel}","templated":true}]}}