{"id":9681,"date":"2026-04-11T15:27:54","date_gmt":"2026-04-11T18:27:54","guid":{"rendered":"https:\/\/radioterrafm.com\/site\/2026\/04\/11\/ministro-andre-de-paula-reforca-prioridade-da-pesquisa-agropecuaria-na-embrapa\/"},"modified":"2026-04-11T15:27:54","modified_gmt":"2026-04-11T18:27:54","slug":"ministro-andre-de-paula-reforca-prioridade-da-pesquisa-agropecuaria-na-embrapa","status":"publish","type":"post","link":"https:\/\/radioterrafm.com\/site\/2026\/04\/11\/ministro-andre-de-paula-reforca-prioridade-da-pesquisa-agropecuaria-na-embrapa\/","title":{"rendered":"Ministro Andr\u00e9 de Paula Refor\u00e7a Prioridade da Pesquisa Agropecu\u00e1ria na Embrapa"},"content":{"rendered":"<p>O ministro da Agricultura e Pecu\u00e1ria, Andr\u00e9 de Paula, realizou uma visita institucional \u00e0 Empresa Brasileira de Pesquisa Agropecu\u00e1ria (Embrapa) com o objetivo de aprofundar o conhecimento sobre a estrutura, os projetos e o papel estrat\u00e9gico da empresa para o desenvolvimento do agro brasileiro. Durante a agenda, o ministro foi recebido pela presidente Silvia Massruh\u00e1 e pela diretoria, que apresentaram um panorama das a\u00e7\u00f5es da institui\u00e7\u00e3o, que celebra 53 anos de atua\u00e7\u00e3o.<\/p>\n<p>Criada em 1973, a Embrapa nasceu como uma estrat\u00e9gia de Estado para investir em ci\u00eancia e tecnologia, impulsionando a agropecu\u00e1ria nacional. Ao longo de sua trajet\u00f3ria, consolidou-se como refer\u00eancia mundial em solu\u00e7\u00f5es inovadoras para a agricultura tropical. O ministro Andr\u00e9 de Paula ressaltou que \u201co sucesso da agropecu\u00e1ria brasileira est\u00e1 diretamente ligado \u00e0 decis\u00e3o estrat\u00e9gica de investir em ci\u00eancia e tecnologia para a cria\u00e7\u00e3o da Embrapa\u201d, reafirmando o compromisso de sua gest\u00e3o com o fortalecimento da empresa.<\/p>\n<p>Andr\u00e9 de Paula enfatizou a prioridade que a Embrapa ter\u00e1 em sua gest\u00e3o, prometendo o fortalecimento do or\u00e7amento e das a\u00e7\u00f5es desenvolvidas. Ele tamb\u00e9m destacou o impacto direto da empresa na vida dos brasileiros, citando o exemplo do desenvolvimento da fruticultura no semi\u00e1rido pernambucano, diretamente ligado \u00e0s tecnologias geradas pela institui\u00e7\u00e3o.<\/p>\n<p>A presidente Silvia Massruh\u00e1 agradeceu a visita e refor\u00e7ou a import\u00e2ncia da parceria institucional com o Minist\u00e9rio da Agricultura e Pecu\u00e1ria (Mapa), expressando o desejo de que o ministro visite as 43 unidades de pesquisa da Embrapa. Ela ainda mencionou iniciativas recentes, como a cria\u00e7\u00e3o da Embrapa Alimentos e Territ\u00f3rios em Macei\u00f3 (AL), focada em gastronomia, identifica\u00e7\u00e3o geogr\u00e1fica e comunidades tradicionais. Durante a visita, o ministro tamb\u00e9m indicou Guilherme Coelho para a presid\u00eancia do Conselho de Administra\u00e7\u00e3o da Embrapa (Consad).<\/p>\n<p><small>Fonte: Agro Noticia<\/small><\/p>\n","protected":false},"excerpt":{"rendered":"<p>O Ministro da Agricultura e Pecu\u00e1ria, Andr\u00e9 de Paula, visitou a Embrapa, reafirmando o compromisso com a pesquisa agropecu\u00e1ria para o desenvolvimento do agroneg\u00f3cio brasileiro e destacando a import\u00e2ncia estrat\u00e9gica da institui\u00e7\u00e3o.<\/p>\n","protected":false},"author":2,"featured_media":9680,"comment_status":"open","ping_status":"open","sticky":false,"template":"","format":"standard","meta":{"pagelayer_contact_templates":[],"_pagelayer_content":"","_jetpack_memberships_contains_paid_content":false,"footnotes":"","jetpack_publicize_message":"","jetpack_publicize_feature_enabled":true,"jetpack_social_post_already_shared":true,"jetpack_social_options":{"image_generator_settings":{"template":"highway","default_image_id":0,"font":"","enabled":false},"version":2}},"categories":[3],"tags":[545,544,140,543],"class_list":["post-9681","post","type-post","status-publish","format-standard","has-post-thumbnail","hentry","category-geral","tag-agronegocio-brasil","tag-andre-de-paula","tag-embrapa","tag-pesquisa-agropecuaria"],"jetpack_publicize_connections":[],"jetpack_featured_media_url":"https:\/\/radioterrafm.com\/site\/wp-content\/uploads\/2026\/04\/news-1775932073.png","jetpack_sharing_enabled":true,"_links":{"self":[{"href":"https:\/\/radioterrafm.com\/site\/wp-json\/wp\/v2\/posts\/9681","targetHints":{"allow":["GET"]}}],"collection":[{"href":"https:\/\/radioterrafm.com\/site\/wp-json\/wp\/v2\/posts"}],"about":[{"href":"https:\/\/radioterrafm.com\/site\/wp-json\/wp\/v2\/types\/post"}],"author":[{"embeddable":true,"href":"https:\/\/radioterrafm.com\/site\/wp-json\/wp\/v2\/users\/2"}],"replies":[{"embeddable":true,"href":"https:\/\/radioterrafm.com\/site\/wp-json\/wp\/v2\/comments?post=9681"}],"version-history":[{"count":0,"href":"https:\/\/radioterrafm.com\/site\/wp-json\/wp\/v2\/posts\/9681\/revisions"}],"wp:featuredmedia":[{"embeddable":true,"href":"https:\/\/radioterrafm.com\/site\/wp-json\/wp\/v2\/media\/9680"}],"wp:attachment":[{"href":"https:\/\/radioterrafm.com\/site\/wp-json\/wp\/v2\/media?parent=9681"}],"wp:term":[{"taxonomy":"category","embeddable":true,"href":"https:\/\/radioterrafm.com\/site\/wp-json\/wp\/v2\/categories?post=9681"},{"taxonomy":"post_tag","embeddable":true,"href":"https:\/\/radioterrafm.com\/site\/wp-json\/wp\/v2\/tags?post=9681"}],"curies":[{"name":"wp","href":"https:\/\/api.w.org\/{rel}","templated":true}]}}