{"id":9679,"date":"2026-04-10T19:38:13","date_gmt":"2026-04-10T22:38:13","guid":{"rendered":"https:\/\/radioterrafm.com\/site\/2026\/04\/10\/dolar-em-queda-trava-negocios-da-soja-no-brasil-e-produtor-segue-retraido\/"},"modified":"2026-04-10T19:38:13","modified_gmt":"2026-04-10T22:38:13","slug":"dolar-em-queda-trava-negocios-da-soja-no-brasil-e-produtor-segue-retraido","status":"publish","type":"post","link":"https:\/\/radioterrafm.com\/site\/2026\/04\/10\/dolar-em-queda-trava-negocios-da-soja-no-brasil-e-produtor-segue-retraido\/","title":{"rendered":"D\u00f3lar em Queda Trava Neg\u00f3cios da Soja no Brasil e Produtor Segue Retra\u00eddo"},"content":{"rendered":"<p>O mercado brasileiro de soja encerrou a semana com baixa movimenta\u00e7\u00e3o e poucos neg\u00f3cios, refletindo principalmente a queda do d\u00f3lar e a consequente perda de refer\u00eancia nos portos. Mesmo com uma alta na Bolsa de Chicago, o mercado interno n\u00e3o conseguiu sustentar um movimento de valoriza\u00e7\u00e3o. A an\u00e1lise de Rafael Silveira, da Safras &#038; Mercado, aponta o c\u00e2mbio como o principal fator de press\u00e3o, resultando em uma queda de cerca de R$ 1 por saca no porto.<\/p>\n<p>No cen\u00e1rio f\u00edsico, os produtores mantiveram-se retra\u00eddos, aguardando n\u00edveis de negocia\u00e7\u00e3o mais favor\u00e1veis, o que contribuiu para a fraqueza da comercializa\u00e7\u00e3o ao longo da semana. As cota\u00e7\u00f5es da soja no Brasil apresentaram varia\u00e7\u00f5es: Passo Fundo (RS) e Santa Rosa (RS) permaneceram em R$ 123,00 e R$ 124,00, respectivamente. Cascavel (PR) registrou queda de R$ 119,00 para R$ 118,00, enquanto Dourados (MS) subiu de R$ 110,00 para R$ 111,00. Em Paranagu\u00e1 (PR), a saca caiu de R$ 129,00 para R$ 128,00.<\/p>\n<p>Na Bolsa de Mercadorias de Chicago (CBOT), os contratos futuros da soja fecharam em alta nesta sexta-feira, acumulando ganhos na semana. Esse movimento foi impulsionado por compras t\u00e9cnicas e pelo posicionamento de investidores diante do final de semana e da cautela pr\u00e9-negocia\u00e7\u00f5es Ir\u00e3-EUA. O destaque ficou com a forte alta do farelo, um movimento predominantemente t\u00e9cnico e n\u00e3o reflexo de mudan\u00e7as fundamentais no mercado, conforme explicou Gabriel Viana, tamb\u00e9m da Safras &#038; Mercado.<\/p>\n<p>A queda de 1,03% do d\u00f3lar no dia refor\u00e7ou a press\u00e3o sobre os pre\u00e7os internos da soja, limitando significativamente a competitividade das exporta\u00e7\u00f5es brasileiras. Analistas indicam que os fundamentos de m\u00e9dio prazo para o farelo de soja ainda apontam para um cen\u00e1rio mais pressionado, com expectativa de aumento do esmagamento nos Estados Unidos e maior oferta sul-americana. Em resumo, a desvaloriza\u00e7\u00e3o cambial e a postura cautelosa dos produtores dominaram a din\u00e2mica do mercado de soja brasileiro na semana.<\/p>\n<p><small>Fonte: Canal Rural<\/small><\/p>\n","protected":false},"excerpt":{"rendered":"<p>O mercado brasileiro de soja encerrou a semana com baixa movimenta\u00e7\u00e3o e queda de pre\u00e7os, impactado pela desvaloriza\u00e7\u00e3o do d\u00f3lar e pela retra\u00e7\u00e3o dos produtores que aguardam melhores cota\u00e7\u00f5es.<\/p>\n","protected":false},"author":2,"featured_media":9678,"comment_status":"open","ping_status":"open","sticky":false,"template":"","format":"standard","meta":{"pagelayer_contact_templates":[],"_pagelayer_content":"","_jetpack_memberships_contains_paid_content":false,"footnotes":"","jetpack_publicize_message":"","jetpack_publicize_feature_enabled":true,"jetpack_social_post_already_shared":true,"jetpack_social_options":{"image_generator_settings":{"template":"highway","default_image_id":0,"font":"","enabled":false},"version":2}},"categories":[3],"tags":[481,541,542,226],"class_list":["post-9679","post","type-post","status-publish","format-standard","has-post-thumbnail","hentry","category-geral","tag-colheita-de-soja","tag-cotacoes","tag-dolar","tag-mercado-agricola"],"jetpack_publicize_connections":[],"jetpack_featured_media_url":"https:\/\/radioterrafm.com\/site\/wp-content\/uploads\/2026\/04\/news-1775860687.png","jetpack_sharing_enabled":true,"_links":{"self":[{"href":"https:\/\/radioterrafm.com\/site\/wp-json\/wp\/v2\/posts\/9679","targetHints":{"allow":["GET"]}}],"collection":[{"href":"https:\/\/radioterrafm.com\/site\/wp-json\/wp\/v2\/posts"}],"about":[{"href":"https:\/\/radioterrafm.com\/site\/wp-json\/wp\/v2\/types\/post"}],"author":[{"embeddable":true,"href":"https:\/\/radioterrafm.com\/site\/wp-json\/wp\/v2\/users\/2"}],"replies":[{"embeddable":true,"href":"https:\/\/radioterrafm.com\/site\/wp-json\/wp\/v2\/comments?post=9679"}],"version-history":[{"count":0,"href":"https:\/\/radioterrafm.com\/site\/wp-json\/wp\/v2\/posts\/9679\/revisions"}],"wp:featuredmedia":[{"embeddable":true,"href":"https:\/\/radioterrafm.com\/site\/wp-json\/wp\/v2\/media\/9678"}],"wp:attachment":[{"href":"https:\/\/radioterrafm.com\/site\/wp-json\/wp\/v2\/media?parent=9679"}],"wp:term":[{"taxonomy":"category","embeddable":true,"href":"https:\/\/radioterrafm.com\/site\/wp-json\/wp\/v2\/categories?post=9679"},{"taxonomy":"post_tag","embeddable":true,"href":"https:\/\/radioterrafm.com\/site\/wp-json\/wp\/v2\/tags?post=9679"}],"curies":[{"name":"wp","href":"https:\/\/api.w.org\/{rel}","templated":true}]}}