{"id":9677,"date":"2026-04-10T18:38:52","date_gmt":"2026-04-10T21:38:52","guid":{"rendered":"https:\/\/radioterrafm.com\/site\/2026\/04\/10\/cesta-basica-aumenta-em-todas-as-capitais-apesar-da-queda-de-precos-em-tres-itens-essenciais\/"},"modified":"2026-04-10T18:38:52","modified_gmt":"2026-04-10T21:38:52","slug":"cesta-basica-aumenta-em-todas-as-capitais-apesar-da-queda-de-precos-em-tres-itens-essenciais","status":"publish","type":"post","link":"https:\/\/radioterrafm.com\/site\/2026\/04\/10\/cesta-basica-aumenta-em-todas-as-capitais-apesar-da-queda-de-precos-em-tres-itens-essenciais\/","title":{"rendered":"Cesta B\u00e1sica Aumenta em Todas as Capitais Apesar da Queda de Pre\u00e7os em Tr\u00eas Itens Essenciais"},"content":{"rendered":"<p>Os pre\u00e7os de a\u00e7\u00facar, caf\u00e9 e \u00f3leo de soja registraram as maiores quedas em mar\u00e7o na maioria das capitais brasileiras, conforme a An\u00e1lise Mensal da Pesquisa Nacional de Pre\u00e7o da Cesta B\u00e1sica de Alimentos, divulgada pela parceria Conab e Dieese. Apesar dessa redu\u00e7\u00e3o em produtos essenciais, o custo total do conjunto de alimentos b\u00e1sicos apresentou alta em todas as 27 capitais analisadas na compara\u00e7\u00e3o com fevereiro.<\/p>\n<p>Desde janeiro, os tr\u00eas produtos mostram uma tend\u00eancia de queda. O a\u00e7\u00facar teve pre\u00e7os menores em 19 cidades, impulsionado pela proje\u00e7\u00e3o de maior oferta global, mesmo em per\u00edodo de entressafra. Da mesma forma, o caf\u00e9 em p\u00f3 registrou redu\u00e7\u00e3o em 17 capitais, influenciado pela expectativa de recupera\u00e7\u00e3o da oferta global e safras recordes. O \u00f3leo de soja tamb\u00e9m caiu em 16 capitais, reflexo da colheita recorde da oleaginosa, que eleva a oferta no mercado varejista.<\/p>\n<p>Em contrapartida, a alta da cesta b\u00e1sica foi impulsionada por outros itens. O tomate, por exemplo, encareceu em todas as cidades, com aumentos que chegaram a quase 47% em Macei\u00f3, devido \u00e0 menor oferta e perdas na colheita causadas pelas chuvas. A batata tamb\u00e9m teve eleva\u00e7\u00f5es em todas as cidades do Centro-Sul, variando entre 5,54% e 22,24%, impactada igualmente pelas condi\u00e7\u00f5es clim\u00e1ticas desfavor\u00e1veis.<\/p>\n<p>As cota\u00e7\u00f5es do feij\u00e3o subiram em todas as pra\u00e7as analisadas, com oscila\u00e7\u00f5es significativas que chegam a 21,48% em Bel\u00e9m, justificadas por dificuldades na colheita e redu\u00e7\u00e3o da \u00e1rea semeada. A pesquisa, resultado da parceria entre Conab e Dieese, agora abrange 27 capitais, refor\u00e7ando a Pol\u00edtica Nacional de Seguran\u00e7a Alimentar e Nutricional, com os primeiros resultados completos divulgados a partir de agosto de 2025.<\/p>\n<p><small>Fonte: Agro Noticia<\/small><\/p>\n","protected":false},"excerpt":{"rendered":"<p>Pesquisa Conab\/Dieese revela queda nos pre\u00e7os de a\u00e7\u00facar, caf\u00e9 e \u00f3leo de soja, mas aponta aumento geral da cesta b\u00e1sica em todas as capitais brasileiras em mar\u00e7o.<\/p>\n","protected":false},"author":2,"featured_media":9676,"comment_status":"open","ping_status":"open","sticky":false,"template":"","format":"standard","meta":{"pagelayer_contact_templates":[],"_pagelayer_content":"","_jetpack_memberships_contains_paid_content":false,"footnotes":"","jetpack_publicize_message":"","jetpack_publicize_feature_enabled":true,"jetpack_social_post_already_shared":true,"jetpack_social_options":{"image_generator_settings":{"template":"highway","default_image_id":0,"font":"","enabled":false},"version":2}},"categories":[3],"tags":[538,540,151,539],"class_list":["post-9677","post","type-post","status-publish","format-standard","has-post-thumbnail","hentry","category-geral","tag-cesta-basica","tag-conab-dieese","tag-inflacao","tag-precos-alimentos"],"jetpack_publicize_connections":[],"jetpack_featured_media_url":"https:\/\/radioterrafm.com\/site\/wp-content\/uploads\/2026\/04\/news-1775857128.png","jetpack_sharing_enabled":true,"_links":{"self":[{"href":"https:\/\/radioterrafm.com\/site\/wp-json\/wp\/v2\/posts\/9677","targetHints":{"allow":["GET"]}}],"collection":[{"href":"https:\/\/radioterrafm.com\/site\/wp-json\/wp\/v2\/posts"}],"about":[{"href":"https:\/\/radioterrafm.com\/site\/wp-json\/wp\/v2\/types\/post"}],"author":[{"embeddable":true,"href":"https:\/\/radioterrafm.com\/site\/wp-json\/wp\/v2\/users\/2"}],"replies":[{"embeddable":true,"href":"https:\/\/radioterrafm.com\/site\/wp-json\/wp\/v2\/comments?post=9677"}],"version-history":[{"count":0,"href":"https:\/\/radioterrafm.com\/site\/wp-json\/wp\/v2\/posts\/9677\/revisions"}],"wp:featuredmedia":[{"embeddable":true,"href":"https:\/\/radioterrafm.com\/site\/wp-json\/wp\/v2\/media\/9676"}],"wp:attachment":[{"href":"https:\/\/radioterrafm.com\/site\/wp-json\/wp\/v2\/media?parent=9677"}],"wp:term":[{"taxonomy":"category","embeddable":true,"href":"https:\/\/radioterrafm.com\/site\/wp-json\/wp\/v2\/categories?post=9677"},{"taxonomy":"post_tag","embeddable":true,"href":"https:\/\/radioterrafm.com\/site\/wp-json\/wp\/v2\/tags?post=9677"}],"curies":[{"name":"wp","href":"https:\/\/api.w.org\/{rel}","templated":true}]}}