{"id":9672,"date":"2026-04-09T10:52:04","date_gmt":"2026-04-09T13:52:04","guid":{"rendered":"https:\/\/radioterrafm.com\/site\/2026\/04\/09\/video-guilherme-benuto-e-panda-lancam-eu-duvido-em-parceria-inedita\/"},"modified":"2026-04-09T10:52:04","modified_gmt":"2026-04-09T13:52:04","slug":"video-guilherme-benuto-e-panda-lancam-eu-duvido-em-parceria-inedita","status":"publish","type":"post","link":"https:\/\/radioterrafm.com\/site\/2026\/04\/09\/video-guilherme-benuto-e-panda-lancam-eu-duvido-em-parceria-inedita\/","title":{"rendered":"[V\u00cdDEO] Guilherme &#038; Benuto e Panda Lan\u00e7am &#8216;Eu Duvido&#8217; em Parceria In\u00e9dita"},"content":{"rendered":"<p>A cena da m\u00fasica sertaneja recebe um novo e aguardado lan\u00e7amento com a chegada de \u201cEu Duvido\u201d, uma colabora\u00e7\u00e3o in\u00e9dita entre a renomada dupla Guilherme &#038; Benuto e o talentoso artista Panda. A faixa, gravada no \u00e2mbito do projeto audiovisual \u201cDeu Rolo no Barret\u00e3o\u201d, j\u00e1 est\u00e1 dispon\u00edvel nas plataformas digitais, prometendo cativar o p\u00fablico com sua envolvente fus\u00e3o de romantismo e intensidade.<\/p>\n<p>Com uma sonoridade distintiva e interpreta\u00e7\u00f5es marcantes, \u201cEu Duvido\u201d explora uma narrativa de amor e orgulho. A sinergia entre as vozes potentes de Guilherme &#038; Benuto e a identidade singular de Panda culmina em um encontro musical que exala autenticidade, consolidando-se como um marco na carreira de ambos os artistas.<\/p>\n<p>Este lan\u00e7amento integra o projeto \u201cDeu Rolo no Barret\u00e3o\u201d, reconhecido por congregar grandes nomes da m\u00fasica sertaneja em performances ao vivo repletas de energia e uma not\u00e1vel conex\u00e3o com a audi\u00eancia, realizadas durante a ic\u00f4nica Festa do Pe\u00e3o de Barretos.<\/p>\n<p>Para os m\u00fasicos, a parceria transcende a mera colabora\u00e7\u00e3o; representa a celebra\u00e7\u00e3o de trajet\u00f3rias que convergem em um momento significativo de suas carreiras. A dupla Guilherme &#038; Benuto enfatiza: \u201cGravar com o Panda foi incr\u00edvel. Ele trouxe uma energia diferente para a m\u00fasica e temos certeza de que o p\u00fablico vai sentir isso\u201d.<\/p>\n<p>O videoclipe de &#8216;Eu Duvido&#8217;, que materializa essa uni\u00e3o musical, tamb\u00e9m j\u00e1 pode ser conferido, oferecendo ao p\u00fablico uma experi\u00eancia completa da parceria entre Guilherme &#038; Benuto e Panda.<\/p>\n<figure class=\"wp-block-embed is-type-video is-provider-youtube wp-block-embed-youtube wp-embed-aspect-16-9 wp-has-aspect-ratio\">\n<div class=\"wp-block-embed__wrapper\">\n<iframe title=\"Guilherme e Benuto, Panda - Eu Duvido | Deu Rolo No Barret\u00e3o\" width=\"1170\" height=\"658\" src=\"https:\/\/www.youtube.com\/embed\/5ymK_qr474k?feature=oembed\" frameborder=\"0\" allow=\"accelerometer; autoplay; clipboard-write; encrypted-media; gyroscope; picture-in-picture; web-share\" referrerpolicy=\"strict-origin-when-cross-origin\" allowfullscreen><\/iframe>\n<\/div>\n<\/figure>\n<p><small>Fonte: Portal Sertanejo<\/small><\/p>\n","protected":false},"excerpt":{"rendered":"<p>Guilherme &#038; Benuto e Panda lan\u00e7am a in\u00e9dita \u201cEu Duvido\u201d, uma can\u00e7\u00e3o que mistura romantismo e intensidade, gravada no projeto \u201cDeu Rolo no Barret\u00e3o\u201d.<\/p>\n","protected":false},"author":2,"featured_media":9671,"comment_status":"open","ping_status":"open","sticky":false,"template":"","format":"standard","meta":{"pagelayer_contact_templates":[],"_pagelayer_content":"","_jetpack_memberships_contains_paid_content":false,"footnotes":"","jetpack_publicize_message":"","jetpack_publicize_feature_enabled":true,"jetpack_social_post_already_shared":true,"jetpack_social_options":{"image_generator_settings":{"template":"highway","default_image_id":0,"font":"","enabled":false},"version":2}},"categories":[3],"tags":[535,536,192,537],"class_list":["post-9672","post","type-post","status-publish","format-standard","has-post-thumbnail","hentry","category-geral","tag-eu-duvido","tag-guilherme-e-benuto","tag-musica-sertaneja","tag-panda"],"jetpack_publicize_connections":[],"jetpack_featured_media_url":"https:\/\/radioterrafm.com\/site\/wp-content\/uploads\/2026\/04\/news-1775742724.jpg","jetpack_sharing_enabled":true,"_links":{"self":[{"href":"https:\/\/radioterrafm.com\/site\/wp-json\/wp\/v2\/posts\/9672","targetHints":{"allow":["GET"]}}],"collection":[{"href":"https:\/\/radioterrafm.com\/site\/wp-json\/wp\/v2\/posts"}],"about":[{"href":"https:\/\/radioterrafm.com\/site\/wp-json\/wp\/v2\/types\/post"}],"author":[{"embeddable":true,"href":"https:\/\/radioterrafm.com\/site\/wp-json\/wp\/v2\/users\/2"}],"replies":[{"embeddable":true,"href":"https:\/\/radioterrafm.com\/site\/wp-json\/wp\/v2\/comments?post=9672"}],"version-history":[{"count":0,"href":"https:\/\/radioterrafm.com\/site\/wp-json\/wp\/v2\/posts\/9672\/revisions"}],"wp:featuredmedia":[{"embeddable":true,"href":"https:\/\/radioterrafm.com\/site\/wp-json\/wp\/v2\/media\/9671"}],"wp:attachment":[{"href":"https:\/\/radioterrafm.com\/site\/wp-json\/wp\/v2\/media?parent=9672"}],"wp:term":[{"taxonomy":"category","embeddable":true,"href":"https:\/\/radioterrafm.com\/site\/wp-json\/wp\/v2\/categories?post=9672"},{"taxonomy":"post_tag","embeddable":true,"href":"https:\/\/radioterrafm.com\/site\/wp-json\/wp\/v2\/tags?post=9672"}],"curies":[{"name":"wp","href":"https:\/\/api.w.org\/{rel}","templated":true}]}}