{"id":9643,"date":"2026-04-03T10:20:20","date_gmt":"2026-04-03T13:20:20","guid":{"rendered":"https:\/\/radioterrafm.com\/site\/2026\/04\/03\/henry-freitas-conclui-gravacao-de-dvd-esse-e-o-meu-forro-com-sucesso-e-solidariedade\/"},"modified":"2026-04-03T10:20:20","modified_gmt":"2026-04-03T13:20:20","slug":"henry-freitas-conclui-gravacao-de-dvd-esse-e-o-meu-forro-com-sucesso-e-solidariedade","status":"publish","type":"post","link":"https:\/\/radioterrafm.com\/site\/2026\/04\/03\/henry-freitas-conclui-gravacao-de-dvd-esse-e-o-meu-forro-com-sucesso-e-solidariedade\/","title":{"rendered":"Henry Freitas Conclui Grava\u00e7\u00e3o de DVD \u2018Esse \u00e9 o Meu Forr\u00f3\u2019 com Sucesso e Solidariedade"},"content":{"rendered":"<p>O cantor Henry Freitas concluiu a grava\u00e7\u00e3o de seu aguardado DVD \u201cEsse \u00e9 o Meu Forr\u00f3\u201d, um projeto que n\u00e3o apenas refor\u00e7a sua identidade art\u00edstica, mas tamb\u00e9m celebra as profundas ra\u00edzes do forr\u00f3 brasileiro. A iniciativa foi dividida em duas etapas estrat\u00e9gicas, realizadas em importantes polos culturais do g\u00eanero no Nordeste, atraindo grande p\u00fablico e destacadas participa\u00e7\u00f5es especiais.<\/p>\n<p>A primeira fase da grava\u00e7\u00e3o ocorreu em 20 de mar\u00e7o de 2026, na Vila S\u00edtio S\u00e3o Jo\u00e3o, em Campina Grande (PB). O evento contou com a presen\u00e7a de um grande p\u00fablico entusiasmado e teve as participa\u00e7\u00f5es especiais dos renomados artistas Jonas Esticado e M\u00e1rcia Fellipe, que abrilhantaram a noite com suas performances.<\/p>\n<p>A segunda etapa foi realizada em 27 de mar\u00e7o, na cidade de Caruaru (PE), conhecida como a Capital do Forr\u00f3. Nesta ocasi\u00e3o, o palco recebeu os talentosos Mano Walter e Solange Almeida, completando o time de convidados do projeto. O DVD foi meticulosamente pensado para valorizar a cultura nordestina e a conex\u00e3o do artista com suas origens, proporcionando uma experi\u00eancia imersiva aos f\u00e3s, com um repert\u00f3rio que reflete as influ\u00eancias musicais de Henry Freitas, mesclando can\u00e7\u00f5es rom\u00e2nticas e agitadas.<\/p>\n<p>Al\u00e9m do car\u00e1ter musical, o projeto \u201cEsse \u00e9 o Meu Forr\u00f3\u201d demonstrou um significativo vi\u00e9s social. Em ambas as datas de grava\u00e7\u00e3o, o acesso do p\u00fablico foi condicionado \u00e0 doa\u00e7\u00e3o de 2 kg de alimentos n\u00e3o perec\u00edveis. Os itens arrecadados foram destinados ao Mosteiro Santa Clara e ao Transforma Caruaru, resultando em mais de 10 toneladas de alimentos coletadas, evidenciando o engajamento solid\u00e1rio da iniciativa.<\/p>\n<p>Para Henry Freitas, este DVD representa um marco crucial em sua trajet\u00f3ria, reafirmando o forr\u00f3 como alicerce de sua carreira e destacando sua miss\u00e3o de preservar a tradi\u00e7\u00e3o do ritmo, ao mesmo tempo em que estabelece uma ponte com as novas gera\u00e7\u00f5es. Com participa\u00e7\u00f5es de peso, forte engajamento popular e uma proposta que harmoniza m\u00fasica e solidariedade, \u201cEsse \u00e9 o Meu Forr\u00f3\u201d consolida Henry Freitas como um dos nomes mais relevantes do cen\u00e1rio forrozeiro atual.<\/p>\n<p><small>Fonte: Portal Sertanejo<\/small><\/p>\n","protected":false},"excerpt":{"rendered":"<p>Henry Freitas finaliza a grava\u00e7\u00e3o do DVD \u201cEsse \u00e9 o Meu Forr\u00f3\u201d em duas etapas no Nordeste, unindo m\u00fasica, cultura e arrecada\u00e7\u00e3o de mais de 10 toneladas de alimentos para doa\u00e7\u00e3o.<\/p>\n","protected":false},"author":2,"featured_media":9642,"comment_status":"open","ping_status":"open","sticky":false,"template":"","format":"standard","meta":{"pagelayer_contact_templates":[],"_pagelayer_content":"","_jetpack_memberships_contains_paid_content":false,"footnotes":"","jetpack_publicize_message":"","jetpack_publicize_feature_enabled":true,"jetpack_social_post_already_shared":true,"jetpack_social_options":{"image_generator_settings":{"template":"highway","default_image_id":0,"font":"","enabled":false},"version":2}},"categories":[3],"tags":[507,506,505,508],"class_list":["post-9643","post","type-post","status-publish","format-standard","has-post-thumbnail","hentry","category-geral","tag-dvd","tag-forro","tag-henry-freitas","tag-nordeste"],"jetpack_publicize_connections":[],"jetpack_featured_media_url":"https:\/\/radioterrafm.com\/site\/wp-content\/uploads\/2026\/04\/news-1775222417.webp","jetpack_sharing_enabled":true,"_links":{"self":[{"href":"https:\/\/radioterrafm.com\/site\/wp-json\/wp\/v2\/posts\/9643","targetHints":{"allow":["GET"]}}],"collection":[{"href":"https:\/\/radioterrafm.com\/site\/wp-json\/wp\/v2\/posts"}],"about":[{"href":"https:\/\/radioterrafm.com\/site\/wp-json\/wp\/v2\/types\/post"}],"author":[{"embeddable":true,"href":"https:\/\/radioterrafm.com\/site\/wp-json\/wp\/v2\/users\/2"}],"replies":[{"embeddable":true,"href":"https:\/\/radioterrafm.com\/site\/wp-json\/wp\/v2\/comments?post=9643"}],"version-history":[{"count":0,"href":"https:\/\/radioterrafm.com\/site\/wp-json\/wp\/v2\/posts\/9643\/revisions"}],"wp:featuredmedia":[{"embeddable":true,"href":"https:\/\/radioterrafm.com\/site\/wp-json\/wp\/v2\/media\/9642"}],"wp:attachment":[{"href":"https:\/\/radioterrafm.com\/site\/wp-json\/wp\/v2\/media?parent=9643"}],"wp:term":[{"taxonomy":"category","embeddable":true,"href":"https:\/\/radioterrafm.com\/site\/wp-json\/wp\/v2\/categories?post=9643"},{"taxonomy":"post_tag","embeddable":true,"href":"https:\/\/radioterrafm.com\/site\/wp-json\/wp\/v2\/tags?post=9643"}],"curies":[{"name":"wp","href":"https:\/\/api.w.org\/{rel}","templated":true}]}}