{"id":9637,"date":"2026-04-03T10:09:21","date_gmt":"2026-04-03T13:09:21","guid":{"rendered":"https:\/\/radioterrafm.com\/site\/2026\/04\/03\/torta-capixaba-tradicao-da-semana-santa-que-revela-a-historia-e-a-forca-do-agro-capixaba\/"},"modified":"2026-04-03T10:09:21","modified_gmt":"2026-04-03T13:09:21","slug":"torta-capixaba-tradicao-da-semana-santa-que-revela-a-historia-e-a-forca-do-agro-capixaba","status":"publish","type":"post","link":"https:\/\/radioterrafm.com\/site\/2026\/04\/03\/torta-capixaba-tradicao-da-semana-santa-que-revela-a-historia-e-a-forca-do-agro-capixaba\/","title":{"rendered":"Torta Capixaba: Tradi\u00e7\u00e3o da Semana Santa que Revela a Hist\u00f3ria e a For\u00e7a do Agro Capixaba"},"content":{"rendered":"<p>No Esp\u00edrito Santo, a Semana Santa \u00e9 marcada por um aroma inconfund\u00edvel: o da Torta Capixaba. Mais do que um prato sazonal, essa iguaria representa um encontro de gera\u00e7\u00f5es, tradi\u00e7\u00f5es e a pr\u00f3pria identidade do estado. Com suas ra\u00edzes profundamente ligadas aos povos ind\u00edgenas e enriquecida por influ\u00eancias europeias, a Torta Capixaba transcende a culin\u00e1ria para se tornar um verdadeiro s\u00edmbolo cultural, celebrado em lares e comunidades.<\/p>\n<p>A hist\u00f3ria da Torta Capixaba \u00e9 um reflexo da forma\u00e7\u00e3o do Esp\u00edrito Santo. Sua base remonta aos antigos preparos ind\u00edgenas de peixes e mariscos, que foram gradualmente incorporados aos ingredientes e t\u00e9cnicas trazidos pelos colonizadores, como o azeite e os ovos. Essa fus\u00e3o cultural resultou em uma receita que \u00e9 passada de gera\u00e7\u00e3o em gera\u00e7\u00e3o, fortalecendo la\u00e7os familiares e perpetuando um legado que se manifesta intensamente durante o per\u00edodo da Quaresma, quando a abstin\u00eancia de carne vermelha eleva seu protagonismo.<\/p>\n<p>Entretanto, a relev\u00e2ncia da Torta Capixaba vai al\u00e9m da mesa festiva. Ela \u00e9 um poderoso elo com o setor agropecu\u00e1rio capixaba, demonstrando a for\u00e7a e a diversidade da produ\u00e7\u00e3o local. Ingredientes essenciais como til\u00e1pia, tomate, cebola e palmito, cultivados no estado, garantem a autenticidade e a sustentabilidade da receita. Somente a produ\u00e7\u00e3o anual de til\u00e1pia, por exemplo, \u00e9 suficiente para a prepara\u00e7\u00e3o de milh\u00f5es de tortas, evidenciando como o campo abastece n\u00e3o s\u00f3 a mesa, mas tamb\u00e9m a cultura e a economia local, com mais de 150 atividades agr\u00edcolas distintas.<\/p>\n<p>Essa tradi\u00e7\u00e3o culmina em celebra\u00e7\u00f5es coletivas como o Festival da Torta Capixaba na Ilha das Caieiras, em Vit\u00f3ria. O evento transforma o bairro em um polo gastron\u00f4mico e cultural, onde moradores e visitantes se re\u00fanem para saborear o prato, ouvir m\u00fasica ao vivo e vivenciar a efervesc\u00eancia da identidade capixaba. Cada torta ali servida n\u00e3o \u00e9 apenas comida, mas uma narrativa viva do Esp\u00edrito Santo, conectando terra, mar, produtores e consumidores em uma experi\u00eancia \u00fanica de sabor e pertencimento.<\/p>\n<p><small>Fonte: Canal Rural<\/small><\/p>\n","protected":false},"excerpt":{"rendered":"<p>A Torta Capixaba transcende a culin\u00e1ria, representando a hist\u00f3ria, a cultura e a for\u00e7a econ\u00f4mica do Esp\u00edrito Santo, especialmente durante a Semana Santa. Conhe\u00e7a sua rica trajet\u00f3ria, do campo \u00e0 mesa.<\/p>\n","protected":false},"author":2,"featured_media":9636,"comment_status":"open","ping_status":"open","sticky":false,"template":"","format":"standard","meta":{"pagelayer_contact_templates":[],"_pagelayer_content":"","_jetpack_memberships_contains_paid_content":false,"footnotes":"","jetpack_publicize_message":"","jetpack_publicize_feature_enabled":true,"jetpack_social_post_already_shared":true,"jetpack_social_options":{"image_generator_settings":{"template":"highway","default_image_id":0,"font":"","enabled":false},"version":2}},"categories":[3],"tags":[496,495,497,494],"class_list":["post-9637","post","type-post","status-publish","format-standard","has-post-thumbnail","hentry","category-geral","tag-agro-espirito-santo","tag-cultura-capixaba","tag-semana-santa","tag-torta-capixaba"],"jetpack_publicize_connections":[],"jetpack_featured_media_url":"https:\/\/radioterrafm.com\/site\/wp-content\/uploads\/2026\/04\/news-1775221760.jpg","jetpack_sharing_enabled":true,"_links":{"self":[{"href":"https:\/\/radioterrafm.com\/site\/wp-json\/wp\/v2\/posts\/9637","targetHints":{"allow":["GET"]}}],"collection":[{"href":"https:\/\/radioterrafm.com\/site\/wp-json\/wp\/v2\/posts"}],"about":[{"href":"https:\/\/radioterrafm.com\/site\/wp-json\/wp\/v2\/types\/post"}],"author":[{"embeddable":true,"href":"https:\/\/radioterrafm.com\/site\/wp-json\/wp\/v2\/users\/2"}],"replies":[{"embeddable":true,"href":"https:\/\/radioterrafm.com\/site\/wp-json\/wp\/v2\/comments?post=9637"}],"version-history":[{"count":0,"href":"https:\/\/radioterrafm.com\/site\/wp-json\/wp\/v2\/posts\/9637\/revisions"}],"wp:featuredmedia":[{"embeddable":true,"href":"https:\/\/radioterrafm.com\/site\/wp-json\/wp\/v2\/media\/9636"}],"wp:attachment":[{"href":"https:\/\/radioterrafm.com\/site\/wp-json\/wp\/v2\/media?parent=9637"}],"wp:term":[{"taxonomy":"category","embeddable":true,"href":"https:\/\/radioterrafm.com\/site\/wp-json\/wp\/v2\/categories?post=9637"},{"taxonomy":"post_tag","embeddable":true,"href":"https:\/\/radioterrafm.com\/site\/wp-json\/wp\/v2\/tags?post=9637"}],"curies":[{"name":"wp","href":"https:\/\/api.w.org\/{rel}","templated":true}]}}