{"id":9633,"date":"2026-04-02T18:49:55","date_gmt":"2026-04-02T21:49:55","guid":{"rendered":"https:\/\/radioterrafm.com\/site\/2026\/04\/02\/mari-fernandez-anuncia-show-surpresa-em-bar-tradicional-do-rio-de-janeiro\/"},"modified":"2026-04-02T18:49:55","modified_gmt":"2026-04-02T21:49:55","slug":"mari-fernandez-anuncia-show-surpresa-em-bar-tradicional-do-rio-de-janeiro","status":"publish","type":"post","link":"https:\/\/radioterrafm.com\/site\/2026\/04\/02\/mari-fernandez-anuncia-show-surpresa-em-bar-tradicional-do-rio-de-janeiro\/","title":{"rendered":"Mari Fernandez Anuncia Show Surpresa em Bar Tradicional do Rio de Janeiro"},"content":{"rendered":"<p>A cantora Mari Fernandez est\u00e1 pronta para surpreender seus f\u00e3s com uma apresenta\u00e7\u00e3o inesperada no Rio de Janeiro. Segundo informa\u00e7\u00f5es divulgadas, a artista far\u00e1 um show improvisado neste s\u00e1bado (28\/3) em um dos estabelecimentos mais tradicionais da cidade, o bar Amarelinho, localizado na Cinel\u00e2ndia, pr\u00f3ximo ao Theatro Municipal.<\/p>\n<p>A chegada da cantora est\u00e1 prevista para pouco depois das 15h, e a ideia \u00e9 simples: aparecer de surpresa, cantar seus maiores sucessos e animar o p\u00fablico presente em uma tarde despretensiosa. A iniciativa promete movimentar o cen\u00e1rio cultural carioca e oferecer uma experi\u00eancia \u00fanica para quem estiver no local.<\/p>\n<p>A passagem de Mari Fernandez pelo Rio de Janeiro n\u00e3o se resume a este show surpresa. No mesmo s\u00e1bado, a cantora tem outro compromisso importante na capital fluminense: uma apresenta\u00e7\u00e3o no Espa\u00e7o Hall, na Barra da Tijuca. Ela subir\u00e1 ao palco ao lado de Z\u00e9 Vaqueiro com a turn\u00ea &#8216;Mu\u00eddo Original&#8217;, prometendo muito piseiro e forr\u00f3 para os f\u00e3s.<\/p>\n<p>Os dois artistas, Mari Fernandez e Z\u00e9 Vaqueiro, estiveram recentemente juntos em uma das festas do BBB 26, ao lado de L\u00e9o Foguete, consolidando a parceria e a for\u00e7a de sua m\u00fasica no cen\u00e1rio nacional.<\/p>\n<p><small>Fonte: Mundo Sertanejo<\/small><\/p>\n","protected":false},"excerpt":{"rendered":"<p>A cantora Mari Fernandez surpreender\u00e1 o p\u00fablico com um show improvisado neste s\u00e1bado no tradicional bar Amarelinho, na Cinel\u00e2ndia, Rio de Janeiro. Descubra os detalhes dessa apresenta\u00e7\u00e3o \u00fanica.<\/p>\n","protected":false},"author":2,"featured_media":9632,"comment_status":"open","ping_status":"open","sticky":false,"template":"","format":"standard","meta":{"pagelayer_contact_templates":[],"_pagelayer_content":"","_jetpack_memberships_contains_paid_content":false,"footnotes":"","jetpack_publicize_message":"","jetpack_publicize_feature_enabled":true,"jetpack_social_post_already_shared":true,"jetpack_social_options":{"image_generator_settings":{"template":"highway","default_image_id":0,"font":"","enabled":false},"version":2}},"categories":[2],"tags":[405,488,490,489],"class_list":["post-9633","post","type-post","status-publish","format-standard","has-post-thumbnail","hentry","category-curiosidades","tag-diversidade-musical","tag-mari-fernandez","tag-rio-de-janeiro","tag-show-surpresa"],"jetpack_publicize_connections":[],"jetpack_featured_media_url":"https:\/\/radioterrafm.com\/site\/wp-content\/uploads\/2026\/04\/news-1775166593.webp","jetpack_sharing_enabled":true,"_links":{"self":[{"href":"https:\/\/radioterrafm.com\/site\/wp-json\/wp\/v2\/posts\/9633","targetHints":{"allow":["GET"]}}],"collection":[{"href":"https:\/\/radioterrafm.com\/site\/wp-json\/wp\/v2\/posts"}],"about":[{"href":"https:\/\/radioterrafm.com\/site\/wp-json\/wp\/v2\/types\/post"}],"author":[{"embeddable":true,"href":"https:\/\/radioterrafm.com\/site\/wp-json\/wp\/v2\/users\/2"}],"replies":[{"embeddable":true,"href":"https:\/\/radioterrafm.com\/site\/wp-json\/wp\/v2\/comments?post=9633"}],"version-history":[{"count":0,"href":"https:\/\/radioterrafm.com\/site\/wp-json\/wp\/v2\/posts\/9633\/revisions"}],"wp:featuredmedia":[{"embeddable":true,"href":"https:\/\/radioterrafm.com\/site\/wp-json\/wp\/v2\/media\/9632"}],"wp:attachment":[{"href":"https:\/\/radioterrafm.com\/site\/wp-json\/wp\/v2\/media?parent=9633"}],"wp:term":[{"taxonomy":"category","embeddable":true,"href":"https:\/\/radioterrafm.com\/site\/wp-json\/wp\/v2\/categories?post=9633"},{"taxonomy":"post_tag","embeddable":true,"href":"https:\/\/radioterrafm.com\/site\/wp-json\/wp\/v2\/tags?post=9633"}],"curies":[{"name":"wp","href":"https:\/\/api.w.org\/{rel}","templated":true}]}}