{"id":9631,"date":"2026-04-02T17:39:51","date_gmt":"2026-04-02T20:39:51","guid":{"rendered":"https:\/\/radioterrafm.com\/site\/2026\/04\/02\/alerta-nacional-besouro-invasor-ameaca-graves-danos-a-agricultura-de-palmeiras-no-brasil\/"},"modified":"2026-04-02T17:39:51","modified_gmt":"2026-04-02T20:39:51","slug":"alerta-nacional-besouro-invasor-ameaca-graves-danos-a-agricultura-de-palmeiras-no-brasil","status":"publish","type":"post","link":"https:\/\/radioterrafm.com\/site\/2026\/04\/02\/alerta-nacional-besouro-invasor-ameaca-graves-danos-a-agricultura-de-palmeiras-no-brasil\/","title":{"rendered":"Alerta Nacional: Besouro Invasor Amea\u00e7a Graves Danos \u00e0 Agricultura de Palmeiras no Brasil"},"content":{"rendered":"<p>O Brasil est\u00e1 sob alerta diante da poss\u00edvel chegada do bicudo-vermelho (Rhynchophorus ferrugineus), um besouro ex\u00f3tico j\u00e1 respons\u00e1vel por vasta devasta\u00e7\u00e3o em planta\u00e7\u00f5es globais. Pesquisadores indicam que o inseto pode j\u00e1 estar presente no territ\u00f3rio nacional, com a primeira notifica\u00e7\u00e3o formal realizada em 2022 em Porto Feliz (SP). A suspeita \u00e9 que a praga tenha ingressado no pa\u00eds atrav\u00e9s de palmeiras importadas do Uruguai, com exemplares j\u00e1 identificados em S\u00e3o Paulo, Minas Gerais e Rio Grande do Sul.<\/p>\n<p>Ainda que o Minist\u00e9rio da Agricultura n\u00e3o tenha confirmado oficialmente a presen\u00e7a da praga, um alerta foi emitido em mar\u00e7o sobre o &#8220;risco de preju\u00edzos expressivos para produtores&#8221;, aguardando a an\u00e1lise de amostras para confirma\u00e7\u00e3o. Especialistas ressaltam a import\u00e2ncia de n\u00e3o confundir o bicudo-vermelho com o bicudo-preto (Rhynchophorus palmarum), uma esp\u00e9cie nativa que tamb\u00e9m ataca palmeiras, mas difere em tamanho e colora\u00e7\u00e3o. A rica biodiversidade brasileira, com mais de 260 esp\u00e9cies de palmeiras nativas, e as cadeias econ\u00f4micas vitais que elas sustentam, como coco e a\u00e7a\u00ed, est\u00e3o diretamente amea\u00e7adas.<\/p>\n<p>Com cerca de 5 cent\u00edmetros e colora\u00e7\u00e3o avermelhada, o bicudo-vermelho age perfurando a planta para depositar ovos. As larvas resultantes alimentam-se do interior da palmeira, atingindo o palmito, que \u00e9 o miolo central. Esse ataque impede o crescimento de novas folhas e leva a planta \u00e0 morte, sendo mais dif\u00edcil de detectar devido \u00e0 estrutura do estipe, o caule flex\u00edvel das palmeiras. O mercado de plantas ornamentais, em particular, enfrenta um risco substancial, com palmeiras que levam d\u00e9cadas para atingir o valor comercial.<\/p>\n<p>O combate a essa nova amea\u00e7a enfrenta barreiras significativas no Brasil. A entrada irregular do inseto por meio de importa\u00e7\u00f5es ilegais de palmeiras, a aus\u00eancia de predadores naturais no ecossistema brasileiro e a falta de insumos registrados, como ferom\u00f4nios e inseticidas espec\u00edficos, dificultam a conten\u00e7\u00e3o. Enquanto o Minist\u00e9rio da Agricultura avalia alternativas, produtores e pesquisadores clamam por agilidade na resposta, alertando para os s\u00e9rios problemas que podem surgir tanto para palmeiras ornamentais quanto para as produtivas caso nenhuma medida eficaz seja tomada.<\/p>\n<p><small>Fonte: Globo Rural<\/small><\/p>\n","protected":false},"excerpt":{"rendered":"<p>O bicudo-vermelho, besouro ex\u00f3tico e destrutivo, amea\u00e7a as palmeiras e a agricultura brasileira. Produtores e pesquisadores alertam para a urg\u00eancia de medidas de controle diante dos riscos econ\u00f4micos e ambientais.<\/p>\n","protected":false},"author":2,"featured_media":9630,"comment_status":"open","ping_status":"open","sticky":false,"template":"","format":"standard","meta":{"pagelayer_contact_templates":[],"_pagelayer_content":"","_jetpack_memberships_contains_paid_content":false,"footnotes":"","jetpack_publicize_message":"","jetpack_publicize_feature_enabled":true,"jetpack_social_post_already_shared":true,"jetpack_social_options":{"image_generator_settings":{"template":"highway","default_image_id":0,"font":"","enabled":false},"version":2}},"categories":[2],"tags":[294,485,487,486],"class_list":["post-9631","post","type-post","status-publish","format-standard","has-post-thumbnail","hentry","category-curiosidades","tag-agricultura-brasileira","tag-bicudo-vermelho","tag-palmeiras","tag-praga-agricola"],"jetpack_publicize_connections":[],"jetpack_featured_media_url":"https:\/\/radioterrafm.com\/site\/wp-content\/uploads\/2026\/04\/news-1775162389.jpg","jetpack_sharing_enabled":true,"_links":{"self":[{"href":"https:\/\/radioterrafm.com\/site\/wp-json\/wp\/v2\/posts\/9631","targetHints":{"allow":["GET"]}}],"collection":[{"href":"https:\/\/radioterrafm.com\/site\/wp-json\/wp\/v2\/posts"}],"about":[{"href":"https:\/\/radioterrafm.com\/site\/wp-json\/wp\/v2\/types\/post"}],"author":[{"embeddable":true,"href":"https:\/\/radioterrafm.com\/site\/wp-json\/wp\/v2\/users\/2"}],"replies":[{"embeddable":true,"href":"https:\/\/radioterrafm.com\/site\/wp-json\/wp\/v2\/comments?post=9631"}],"version-history":[{"count":0,"href":"https:\/\/radioterrafm.com\/site\/wp-json\/wp\/v2\/posts\/9631\/revisions"}],"wp:featuredmedia":[{"embeddable":true,"href":"https:\/\/radioterrafm.com\/site\/wp-json\/wp\/v2\/media\/9630"}],"wp:attachment":[{"href":"https:\/\/radioterrafm.com\/site\/wp-json\/wp\/v2\/media?parent=9631"}],"wp:term":[{"taxonomy":"category","embeddable":true,"href":"https:\/\/radioterrafm.com\/site\/wp-json\/wp\/v2\/categories?post=9631"},{"taxonomy":"post_tag","embeddable":true,"href":"https:\/\/radioterrafm.com\/site\/wp-json\/wp\/v2\/tags?post=9631"}],"curies":[{"name":"wp","href":"https:\/\/api.w.org\/{rel}","templated":true}]}}