{"id":9609,"date":"2026-03-30T16:59:02","date_gmt":"2026-03-30T19:59:02","guid":{"rendered":"https:\/\/radioterrafm.com\/site\/2026\/03\/30\/ihara-anuncia-sucessao-na-presidencia-clayton-veiga-assume-o-cargo\/"},"modified":"2026-03-30T16:59:02","modified_gmt":"2026-03-30T19:59:02","slug":"ihara-anuncia-sucessao-na-presidencia-clayton-veiga-assume-o-cargo","status":"publish","type":"post","link":"https:\/\/radioterrafm.com\/site\/2026\/03\/30\/ihara-anuncia-sucessao-na-presidencia-clayton-veiga-assume-o-cargo\/","title":{"rendered":"Ihara Anuncia Sucess\u00e3o na Presid\u00eancia: Clayton Veiga Assume o Cargo"},"content":{"rendered":"<p>A Ihara, empresa de destaque no setor do agroneg\u00f3cio, anunciou uma sucess\u00e3o planejada em sua presid\u00eancia, marcando uma nova fase em sua estrutura de governan\u00e7a. Ap\u00f3s mais de tr\u00eas d\u00e9cadas de dedica\u00e7\u00e3o \u00e0 companhia, incluindo 15 anos como presidente, Julio Borges passar\u00e1 a focar exclusivamente em sua atua\u00e7\u00e3o no Conselho de Administra\u00e7\u00e3o a partir de 2026. Para assumir o posto de presidente, foi nomeado Clayton Veiga, um executivo com mais de 20 anos de experi\u00eancia na Ihara, com passagens por diversas \u00e1reas estrat\u00e9gicas como vendas, marketing, pesquisa e desenvolvimento e opera\u00e7\u00f5es.<\/p>\n<p>Clayton Veiga, o novo l\u00edder da Ihara, \u00e9 engenheiro agr\u00f4nomo formado pela Universidade Federal de Vi\u00e7osa e possui um vasto curr\u00edculo de especializa\u00e7\u00f5es. Entre elas, destacam-se qualifica\u00e7\u00f5es em Gest\u00e3o de Vendas e Marketing pela ESPM, Gest\u00e3o Empresarial pela Funda\u00e7\u00e3o Get\u00falio Vargas, al\u00e9m de programas de PMD pela IESE Escola de Neg\u00f3cios e Gest\u00e3o, Regula\u00e7\u00e3o e Financiamento de Infraestrutura pela prestigiada Harvard Kennedy School, o que refor\u00e7a sua s\u00f3lida forma\u00e7\u00e3o e preparo para o desafio.<\/p>\n<p>Esta mudan\u00e7a estrat\u00e9gica faz parte de um processo estruturado de governan\u00e7a e reitera o compromisso da Ihara com a continuidade de sua estrat\u00e9gia principal. A companhia mant\u00e9m seu foco inabal\u00e1vel em inova\u00e7\u00e3o, crescimento sustent\u00e1vel e no fortalecimento de sua atua\u00e7\u00e3o no din\u00e2mico agroneg\u00f3cio brasileiro. Al\u00e9m da ascens\u00e3o de Veiga, Andr\u00e9 Nannetti tamb\u00e9m assumir\u00e1 a posi\u00e7\u00e3o de vice-presidente, complementando a nova lideran\u00e7a.<\/p>\n<p>A Ihara, com mais de 60 anos de hist\u00f3ria no Brasil, \u00e9 reconhecida por sua tecnologia japonesa e pela entrega de solu\u00e7\u00f5es inovadoras para a agricultura. Com um portf\u00f3lio robusto de mais de 60 produtos, incluindo fungicidas, herbicidas, inseticidas e biol\u00f3gicos, a empresa protege mais de 100 tipos de cultivos. Em 2022, expandiu sua atua\u00e7\u00e3o para o segmento de pastagem, refor\u00e7ando seu papel vital na produ\u00e7\u00e3o de alimentos de qualidade e de forma sustent\u00e1vel no pa\u00eds.<\/p>\n<p><small>Fonte: Canal Rural<\/small><\/p>\n","protected":false},"excerpt":{"rendered":"<p>A Ihara, l\u00edder em solu\u00e7\u00f5es para o agroneg\u00f3cio, nomeia Clayton Veiga como seu novo presidente, em uma transi\u00e7\u00e3o estrat\u00e9gica que visa fortalecer a inova\u00e7\u00e3o e o crescimento sustent\u00e1vel da companhia no mercado brasileiro.<\/p>\n","protected":false},"author":2,"featured_media":9608,"comment_status":"open","ping_status":"open","sticky":false,"template":"","format":"standard","meta":{"pagelayer_contact_templates":[],"_pagelayer_content":"","_jetpack_memberships_contains_paid_content":false,"footnotes":"","jetpack_publicize_message":"","jetpack_publicize_feature_enabled":true,"jetpack_social_post_already_shared":true,"jetpack_social_options":{"image_generator_settings":{"template":"highway","default_image_id":0,"font":"","enabled":false},"version":2}},"categories":[3],"tags":[128,456,455,457],"class_list":["post-9609","post","type-post","status-publish","format-standard","has-post-thumbnail","hentry","category-geral","tag-agronegocio","tag-clayton-veiga","tag-ihara","tag-sucessao-empresarial"],"jetpack_publicize_connections":[],"jetpack_featured_media_url":"https:\/\/radioterrafm.com\/site\/wp-content\/uploads\/2026\/03\/news-1774900740.jpg","jetpack_sharing_enabled":true,"_links":{"self":[{"href":"https:\/\/radioterrafm.com\/site\/wp-json\/wp\/v2\/posts\/9609","targetHints":{"allow":["GET"]}}],"collection":[{"href":"https:\/\/radioterrafm.com\/site\/wp-json\/wp\/v2\/posts"}],"about":[{"href":"https:\/\/radioterrafm.com\/site\/wp-json\/wp\/v2\/types\/post"}],"author":[{"embeddable":true,"href":"https:\/\/radioterrafm.com\/site\/wp-json\/wp\/v2\/users\/2"}],"replies":[{"embeddable":true,"href":"https:\/\/radioterrafm.com\/site\/wp-json\/wp\/v2\/comments?post=9609"}],"version-history":[{"count":0,"href":"https:\/\/radioterrafm.com\/site\/wp-json\/wp\/v2\/posts\/9609\/revisions"}],"wp:featuredmedia":[{"embeddable":true,"href":"https:\/\/radioterrafm.com\/site\/wp-json\/wp\/v2\/media\/9608"}],"wp:attachment":[{"href":"https:\/\/radioterrafm.com\/site\/wp-json\/wp\/v2\/media?parent=9609"}],"wp:term":[{"taxonomy":"category","embeddable":true,"href":"https:\/\/radioterrafm.com\/site\/wp-json\/wp\/v2\/categories?post=9609"},{"taxonomy":"post_tag","embeddable":true,"href":"https:\/\/radioterrafm.com\/site\/wp-json\/wp\/v2\/tags?post=9609"}],"curies":[{"name":"wp","href":"https:\/\/api.w.org\/{rel}","templated":true}]}}