{"id":9573,"date":"2026-03-23T18:55:42","date_gmt":"2026-03-23T21:55:42","guid":{"rendered":"https:\/\/radioterrafm.com\/site\/2026\/03\/23\/medico-alerta-ultraprocessados-superam-tabaco-como-maior-causa-de-morte-precoce\/"},"modified":"2026-03-23T18:55:42","modified_gmt":"2026-03-23T21:55:42","slug":"medico-alerta-ultraprocessados-superam-tabaco-como-maior-causa-de-morte-precoce","status":"publish","type":"post","link":"https:\/\/radioterrafm.com\/site\/2026\/03\/23\/medico-alerta-ultraprocessados-superam-tabaco-como-maior-causa-de-morte-precoce\/","title":{"rendered":"M\u00e9dico Alerta: Ultraprocessados Superam Tabaco como Maior Causa de Morte Precoce"},"content":{"rendered":"<p>A ind\u00fastria aliment\u00edcia tem sido palco de uma transforma\u00e7\u00e3o radical nas \u00faltimas d\u00e9cadas, e seus produtos ultraprocessados agora dominam as despensas. O m\u00e9dico Chris van Tulleken vem alertando a popula\u00e7\u00e3o sobre os perigos desses alimentos, que ele considera uma amea\u00e7a \u00e0 sa\u00fade p\u00fablica potencialmente maior que o tabagismo. Segundo o especialista, esses itens se tornaram uma das principais causas de morte precoce no mundo moderno, desafiando a percep\u00e7\u00e3o comum de que apenas a\u00e7\u00facar, cigarros ou \u00e1lcool s\u00e3o os vil\u00f5es.<\/p>\n<p>Os alimentos ultraprocessados s\u00e3o definidos por conterem subst\u00e2ncias que n\u00e3o seriam encontradas em uma cozinha tradicional, como emulsificantes, conservantes, corantes e ado\u00e7antes artificiais. Projetados para serem altamente palat\u00e1veis e terem uma longa vida \u00fatil, esses produtos ocultam riscos \u00e0 sa\u00fade que a ci\u00eancia s\u00f3 recentemente come\u00e7ou a detalhar. Curiosamente, a defini\u00e7\u00e3o para esse tipo de dieta foi desenvolvida h\u00e1 cerca de 12 anos por pesquisadores brasileiros, e grande parte dos estudos sobre o tema ainda prov\u00e9m da Am\u00e9rica Central e do Sul.<\/p>\n<p>Desde que a classifica\u00e7\u00e3o de ultraprocessados foi estabelecida entre 2009 e 2010, acumulou-se uma d\u00e9cada de evid\u00eancias claras. Essas provas indicam que tais alimentos n\u00e3o s\u00e3o apenas respons\u00e1veis pelo ganho de peso e obesidade, mas por uma extensa lista de problemas de sa\u00fade que culminam na morte prematura. Dr. van Tulleken enfatiza que a \u00fanica grande mudan\u00e7a no comportamento global foi a invas\u00e3o de uma dieta industrializada, alterando fundamentalmente a rela\u00e7\u00e3o entre o que comemos e o tempo que vivemos.<\/p>\n<p>A preocupa\u00e7\u00e3o com os ultraprocessados transcende a sa\u00fade individual, atingindo o meio ambiente e a esfera social. O sistema de produ\u00e7\u00e3o desses alimentos \u00e9 apontado como o maior respons\u00e1vel pela perda de biodiversidade, a maior causa de polui\u00e7\u00e3o por pl\u00e1sticos e a segunda maior fonte de emiss\u00f5es de carbono. Em tempos de crise econ\u00f4mica, o problema se agrava, pois os ultraprocessados surgem como uma op\u00e7\u00e3o barata e acess\u00edvel para fam\u00edlias de baixa renda, transformando o consumo em uma quest\u00e3o social e econ\u00f4mica complexa.<\/p>\n<p>Muitos produtos comercializados como saud\u00e1veis, como cereais matinais e p\u00e3es integrais industrializados, frequentemente cont\u00eam a mesma lista de aditivos qu\u00edmicos que doces e refrigerantes. Estudos recentes publicados pela Biblioteca Nacional de Medicina refor\u00e7am as preocupa\u00e7\u00f5es do m\u00e9dico, ligando o consumo elevado de ultraprocessados a doen\u00e7as cr\u00f4nicas e transtornos mentais, sem nenhuma pesquisa que aponte benef\u00edcios \u00e0 sa\u00fade. As an\u00e1lises cient\u00edficas convergem para a recomenda\u00e7\u00e3o de priorizar alimentos de origem natural, como frutas, vegetais, ovos e carnes, visando reduzir a depend\u00eancia de produtos industrializados.<\/p>\n<p><small>Fonte: Misterios do Mundo<\/small><\/p>\n","protected":false},"excerpt":{"rendered":"<p>M\u00e9dico Chris van Tulleken alerta que alimentos ultraprocessados representam amea\u00e7a \u00e0 sa\u00fade p\u00fablica maior que o tabagismo, sendo a principal causa de morte precoce e com graves impactos ambientais e sociais.<\/p>\n","protected":false},"author":2,"featured_media":9572,"comment_status":"open","ping_status":"open","sticky":false,"template":"","format":"standard","meta":{"pagelayer_contact_templates":[],"_pagelayer_content":"","_jetpack_memberships_contains_paid_content":false,"footnotes":"","jetpack_publicize_message":"","jetpack_publicize_feature_enabled":true,"jetpack_social_post_already_shared":true,"jetpack_social_options":{"image_generator_settings":{"template":"highway","default_image_id":0,"font":"","enabled":false},"version":2}},"categories":[2],"tags":[403,402,401,400],"class_list":["post-9573","post","type-post","status-publish","format-standard","has-post-thumbnail","hentry","category-curiosidades","tag-dr-chris-van-tulleken","tag-morte-precoce","tag-saude-publica","tag-ultraprocessados"],"jetpack_publicize_connections":[],"jetpack_featured_media_url":"https:\/\/radioterrafm.com\/site\/wp-content\/uploads\/2026\/03\/news-1774302940.webp","jetpack_sharing_enabled":true,"_links":{"self":[{"href":"https:\/\/radioterrafm.com\/site\/wp-json\/wp\/v2\/posts\/9573","targetHints":{"allow":["GET"]}}],"collection":[{"href":"https:\/\/radioterrafm.com\/site\/wp-json\/wp\/v2\/posts"}],"about":[{"href":"https:\/\/radioterrafm.com\/site\/wp-json\/wp\/v2\/types\/post"}],"author":[{"embeddable":true,"href":"https:\/\/radioterrafm.com\/site\/wp-json\/wp\/v2\/users\/2"}],"replies":[{"embeddable":true,"href":"https:\/\/radioterrafm.com\/site\/wp-json\/wp\/v2\/comments?post=9573"}],"version-history":[{"count":0,"href":"https:\/\/radioterrafm.com\/site\/wp-json\/wp\/v2\/posts\/9573\/revisions"}],"wp:featuredmedia":[{"embeddable":true,"href":"https:\/\/radioterrafm.com\/site\/wp-json\/wp\/v2\/media\/9572"}],"wp:attachment":[{"href":"https:\/\/radioterrafm.com\/site\/wp-json\/wp\/v2\/media?parent=9573"}],"wp:term":[{"taxonomy":"category","embeddable":true,"href":"https:\/\/radioterrafm.com\/site\/wp-json\/wp\/v2\/categories?post=9573"},{"taxonomy":"post_tag","embeddable":true,"href":"https:\/\/radioterrafm.com\/site\/wp-json\/wp\/v2\/tags?post=9573"}],"curies":[{"name":"wp","href":"https:\/\/api.w.org\/{rel}","templated":true}]}}