{"id":9563,"date":"2026-03-23T18:27:18","date_gmt":"2026-03-23T21:27:18","guid":{"rendered":"https:\/\/radioterrafm.com\/site\/2026\/03\/23\/impasse-governo-e-setor-agricola-divergem-sobre-aumento-da-mistura-de-biodiesel\/"},"modified":"2026-03-23T18:27:18","modified_gmt":"2026-03-23T21:27:18","slug":"impasse-governo-e-setor-agricola-divergem-sobre-aumento-da-mistura-de-biodiesel","status":"publish","type":"post","link":"https:\/\/radioterrafm.com\/site\/2026\/03\/23\/impasse-governo-e-setor-agricola-divergem-sobre-aumento-da-mistura-de-biodiesel\/","title":{"rendered":"Impasse: Governo e Setor Agr\u00edcola Divergem sobre Aumento da Mistura de Biodiesel"},"content":{"rendered":"<p>Em meio \u00e0 crescente tens\u00e3o no mercado petrol\u00edfero, exacerbada pela guerra no Oriente M\u00e9dio e o estrangulamento do Estreito de Ormuz, a discuss\u00e3o sobre um aumento mais c\u00e9lere na mistura de biodiesel ao diesel ganhou destaque. Parte do mercado vislumbra essa medida como uma alternativa para aliviar a press\u00e3o sobre os pre\u00e7os do combust\u00edvel f\u00f3ssil, que t\u00eam sido impactados pela volatilidade do petr\u00f3leo.<\/p>\n<p>Contudo, o governo federal e o setor privado encontram-se em um &#8216;cabo de guerra&#8217; sobre o tema. O Minist\u00e9rio de Minas e Energia, atrav\u00e9s do ministro Alexandre Silveira, reiterou a necessidade de estudos de viabilidade t\u00e9cnica e a garantia de oferta suficiente para patamares superiores a 15% de biodiesel, o limite legal atual. O governo argumenta que o aumento da mistura, sem a devida sustenta\u00e7\u00e3o de oferta, n\u00e3o seria uma ferramenta adequada para conter os pre\u00e7os e poderia gerar escassez.<\/p>\n<p>Por outro lado, o setor produtivo, representado por entidades como Aprobio e Alian\u00e7aBiodiesel, defende o avan\u00e7o na mescla. Argumentam que a ind\u00fastria opera com capacidade ociosa capaz de atender a uma mistura de at\u00e9 21,6% e que a medida reduziria a depend\u00eancia do diesel importado, que responde por 25% do consumo nacional. Al\u00e9m disso, entidades do agroneg\u00f3cio, como Aprosoja Brasil e CNA, pressionam pela acelera\u00e7\u00e3o, citando dificuldades log\u00edsticas em pleno per\u00edodo de colheita da safra de soja.<\/p>\n<p>O presidente da Aprobio, Jer\u00f4nimo Goergen, cobrou agilidade do governo, lembrando que o cronograma original da Lei do Combust\u00edvel do Futuro, sancionada em 2024, previa a ado\u00e7\u00e3o do B16 (16% de biodiesel) para mar\u00e7o deste ano, com um aumento gradual at\u00e9 B20 em 2030. O impasse t\u00e9cnico com o governo impede o avan\u00e7o desse cronograma, mantendo a seguran\u00e7a t\u00e9cnica e o equil\u00edbrio entre oferta e demanda como pr\u00e9-requisitos inegoci\u00e1veis para qualquer altera\u00e7\u00e3o na legisla\u00e7\u00e3o vigente.<\/p>\n<p><small>Fonte: Agro Noticia<\/small><\/p>\n","protected":false},"excerpt":{"rendered":"<p>Governo e setor agr\u00edcola divergem sobre o aumento da mistura de biodiesel no diesel em meio \u00e0 tens\u00e3o do mercado e \u00e0 guerra no Oriente M\u00e9dio. O debate envolve viabilidade t\u00e9cnica, oferta e impacto nos pre\u00e7os.<\/p>\n","protected":false},"author":2,"featured_media":9562,"comment_status":"open","ping_status":"open","sticky":false,"template":"","format":"standard","meta":{"pagelayer_contact_templates":[],"_pagelayer_content":"","_jetpack_memberships_contains_paid_content":false,"footnotes":"","jetpack_publicize_message":"","jetpack_publicize_feature_enabled":true,"jetpack_social_post_already_shared":true,"jetpack_social_options":{"image_generator_settings":{"template":"highway","default_image_id":0,"font":"","enabled":false},"version":2}},"categories":[3],"tags":[128,202,385,244],"class_list":["post-9563","post","type-post","status-publish","format-standard","has-post-thumbnail","hentry","category-geral","tag-agronegocio","tag-biodiesel","tag-crise-energetica","tag-preco-combustivel"],"jetpack_publicize_connections":[],"jetpack_featured_media_url":"https:\/\/radioterrafm.com\/site\/wp-content\/uploads\/2026\/03\/news-1774301236.jpg","jetpack_sharing_enabled":true,"_links":{"self":[{"href":"https:\/\/radioterrafm.com\/site\/wp-json\/wp\/v2\/posts\/9563","targetHints":{"allow":["GET"]}}],"collection":[{"href":"https:\/\/radioterrafm.com\/site\/wp-json\/wp\/v2\/posts"}],"about":[{"href":"https:\/\/radioterrafm.com\/site\/wp-json\/wp\/v2\/types\/post"}],"author":[{"embeddable":true,"href":"https:\/\/radioterrafm.com\/site\/wp-json\/wp\/v2\/users\/2"}],"replies":[{"embeddable":true,"href":"https:\/\/radioterrafm.com\/site\/wp-json\/wp\/v2\/comments?post=9563"}],"version-history":[{"count":0,"href":"https:\/\/radioterrafm.com\/site\/wp-json\/wp\/v2\/posts\/9563\/revisions"}],"wp:featuredmedia":[{"embeddable":true,"href":"https:\/\/radioterrafm.com\/site\/wp-json\/wp\/v2\/media\/9562"}],"wp:attachment":[{"href":"https:\/\/radioterrafm.com\/site\/wp-json\/wp\/v2\/media?parent=9563"}],"wp:term":[{"taxonomy":"category","embeddable":true,"href":"https:\/\/radioterrafm.com\/site\/wp-json\/wp\/v2\/categories?post=9563"},{"taxonomy":"post_tag","embeddable":true,"href":"https:\/\/radioterrafm.com\/site\/wp-json\/wp\/v2\/tags?post=9563"}],"curies":[{"name":"wp","href":"https:\/\/api.w.org\/{rel}","templated":true}]}}