{"id":9559,"date":"2026-03-22T11:53:28","date_gmt":"2026-03-22T14:53:28","guid":{"rendered":"https:\/\/radioterrafm.com\/site\/2026\/03\/22\/hugo-guilherme-estreiam-primeiro-ep-de-no-pelo-360-ao-vivo-em-cuiaba\/"},"modified":"2026-03-22T11:53:28","modified_gmt":"2026-03-22T14:53:28","slug":"hugo-guilherme-estreiam-primeiro-ep-de-no-pelo-360-ao-vivo-em-cuiaba","status":"publish","type":"post","link":"https:\/\/radioterrafm.com\/site\/2026\/03\/22\/hugo-guilherme-estreiam-primeiro-ep-de-no-pelo-360-ao-vivo-em-cuiaba\/","title":{"rendered":"Hugo &#038; Guilherme Estreiam Primeiro EP de &#8216;No Pelo 360 \u2013 Ao Vivo em Cuiab\u00e1&#8217;"},"content":{"rendered":"<p>A renomada label \u201cNo Pelo 360\u201d, um dos maiores sucessos do cen\u00e1rio musical brasileiro, celebra mais uma vez sua trajet\u00f3ria com o lan\u00e7amento de um projeto audiovisual inovador. A dupla Hugo &#038; Guilherme acaba de estrear o primeiro EP de \u201cNo Pelo 360 \u2013 Ao Vivo em Cuiab\u00e1\u201d, marcando a eterniza\u00e7\u00e3o de um evento memor\u00e1vel.<\/p>\n<p>Para esta edi\u00e7\u00e3o especial, Hugo &#038; Guilherme convidaram amigos e \u00edcones do sertanejo universit\u00e1rio, como Jo\u00e3o Bosco &#038; Vin\u00edcius, Maria Cec\u00edlia &#038; Rodolfo e VH &#038; Alexandre. Juntos, eles revisitam cl\u00e1ssicos do g\u00eanero, proporcionando um brinde musical inesquec\u00edvel ao lado do p\u00fablico apaixonado que lotou o palco em Cuiab\u00e1 \u2013 MT.<\/p>\n<p>O projeto \u201cNo Pelo 360 \u2013 Ao Vivo Em Cuiab\u00e1 Vol.1\u201d preserva a ess\u00eancia de descontra\u00e7\u00e3o e naturalidade que caracteriza a s\u00e9rie \u201cNo Pelo 360\u201d. Com uma atmosfera de \u201cbagun\u00e7a organizada\u201d, o EP apresenta m\u00fasicas no improviso e uma profunda carga de sentimento, elementos que j\u00e1 s\u00e3o a marca registrada da dupla.<\/p>\n<p>Entre as faixas de destaque deste primeiro volume, encontram-se potpourris emocionantes como \u201cFalando S\u00e9rio \/ Quero Provar Que Te Amo\u201d, \u201cPrimeiro Passo \/ Voc\u00ea De Volta\u201d e a envolvente \u201cLendas e Mist\u00e9rios\u201d. O lan\u00e7amento solidifica a excelente fase da carreira da dupla, que ap\u00f3s o sucesso de \u201cS\u00f3 Se Vive Uma Vez\u201d e hits como \u201cTodo Mundo Menos Eu\u201d e \u201cEle e Ela\u201d, escolheu a capital mato-grossense para sediar este encontro de lendas do sertanejo.<\/p>\n<p><small>Fonte: Portal Sertanejo<\/small><\/p>\n","protected":false},"excerpt":{"rendered":"<p>Hugo &#038; Guilherme lan\u00e7am o primeiro EP de &#8216;No Pelo 360 \u2013 Ao Vivo em Cuiab\u00e1&#8217;, reunindo grandes nomes do sertanejo para reviver cl\u00e1ssicos e celebrar a fase de sucesso da dupla.<\/p>\n","protected":false},"author":2,"featured_media":9558,"comment_status":"open","ping_status":"open","sticky":false,"template":"","format":"standard","meta":{"pagelayer_contact_templates":[],"_pagelayer_content":"","_jetpack_memberships_contains_paid_content":false,"footnotes":"","jetpack_publicize_message":"","jetpack_publicize_feature_enabled":true,"jetpack_social_post_already_shared":true,"jetpack_social_options":{"image_generator_settings":{"template":"highway","default_image_id":0,"font":"","enabled":false},"version":2}},"categories":[3],"tags":[382,380,381,79],"class_list":["post-9559","post","type-post","status-publish","format-standard","has-post-thumbnail","hentry","category-geral","tag-cuiaba","tag-hugo-guilherme","tag-no-pelo-360","tag-nomesdossertanejos"],"jetpack_publicize_connections":[],"jetpack_featured_media_url":"https:\/\/radioterrafm.com\/site\/wp-content\/uploads\/2026\/03\/news-1774191206.jpg","jetpack_sharing_enabled":true,"_links":{"self":[{"href":"https:\/\/radioterrafm.com\/site\/wp-json\/wp\/v2\/posts\/9559","targetHints":{"allow":["GET"]}}],"collection":[{"href":"https:\/\/radioterrafm.com\/site\/wp-json\/wp\/v2\/posts"}],"about":[{"href":"https:\/\/radioterrafm.com\/site\/wp-json\/wp\/v2\/types\/post"}],"author":[{"embeddable":true,"href":"https:\/\/radioterrafm.com\/site\/wp-json\/wp\/v2\/users\/2"}],"replies":[{"embeddable":true,"href":"https:\/\/radioterrafm.com\/site\/wp-json\/wp\/v2\/comments?post=9559"}],"version-history":[{"count":0,"href":"https:\/\/radioterrafm.com\/site\/wp-json\/wp\/v2\/posts\/9559\/revisions"}],"wp:featuredmedia":[{"embeddable":true,"href":"https:\/\/radioterrafm.com\/site\/wp-json\/wp\/v2\/media\/9558"}],"wp:attachment":[{"href":"https:\/\/radioterrafm.com\/site\/wp-json\/wp\/v2\/media?parent=9559"}],"wp:term":[{"taxonomy":"category","embeddable":true,"href":"https:\/\/radioterrafm.com\/site\/wp-json\/wp\/v2\/categories?post=9559"},{"taxonomy":"post_tag","embeddable":true,"href":"https:\/\/radioterrafm.com\/site\/wp-json\/wp\/v2\/tags?post=9559"}],"curies":[{"name":"wp","href":"https:\/\/api.w.org\/{rel}","templated":true}]}}