{"id":9557,"date":"2026-03-22T11:49:56","date_gmt":"2026-03-22T14:49:56","guid":{"rendered":"https:\/\/radioterrafm.com\/site\/2026\/03\/22\/lauana-prado-e-tati-dias-celebram-reconciliacao-com-beijo-em-bloco-de-carnaval\/"},"modified":"2026-03-22T11:49:56","modified_gmt":"2026-03-22T14:49:56","slug":"lauana-prado-e-tati-dias-celebram-reconciliacao-com-beijo-em-bloco-de-carnaval","status":"publish","type":"post","link":"https:\/\/radioterrafm.com\/site\/2026\/03\/22\/lauana-prado-e-tati-dias-celebram-reconciliacao-com-beijo-em-bloco-de-carnaval\/","title":{"rendered":"Lauana Prado e Tati Dias Celebram Reconcilia\u00e7\u00e3o com Beijo em Bloco de Carnaval"},"content":{"rendered":"<p>A cantora sertaneja Lauana Prado e sua namorada, a influenciadora Tati Dias, protagonizaram um momento de carinho e celebra\u00e7\u00e3o neste s\u00e1bado (14\/2), marcando a reconcilia\u00e7\u00e3o do casal em S\u00e3o Paulo. As duas foram flagradas em clima de romance, trocando beijos apaixonados antes de Lauana subir ao palco para comandar o bloco Carna Lau, no Obelisco do Ibirapuera, na zona sul da capital paulista.<\/p>\n<p>Lauana Prado, de 36 anos e gr\u00e1vida, exibiu um visual em jeans combinado com um body repleto de brilho, irradiando felicidade ao comentar sobre o primeiro Carnaval ao lado do futuro filho. &#8220;Meu beb\u00ea j\u00e1 \u00e9 muito musical, j\u00e1 vive a realidade da vida nos palcos, a gente vai viver um momento muito especial com ele puxando esse trio comigo. No futuro, quero compartilhar com ele esse primeiro Carnaval juntos\u201d, declarou a sertaneja, que posou com a m\u00e3o na barriga ao lado de Tati Dias.<\/p>\n<p>O reencontro p\u00fablico do casal segue um per\u00edodo de afastamento. Em janeiro de 2026, Lauana e Tati haviam anunciado o fim do noivado, que durava desde 2024, indicando que seguiriam caminhos distintos. A not\u00edcia da separa\u00e7\u00e3o foi divulgada nas redes sociais da cantora, pedindo respeito \u00e0 decis\u00e3o e agradecendo pelo tempo que passaram juntas.<\/p>\n<p>Entretanto, sinais de uma poss\u00edvel reconcilia\u00e7\u00e3o surgiram no final de janeiro, quando as duas come\u00e7aram a interagir novamente em redes sociais, trocando declara\u00e7\u00f5es afetuosas e sendo vistas juntas em eventos. A confirma\u00e7\u00e3o oficial do retorno veio em 3 de fevereiro de 2026, quando Lauana Prado publicou v\u00eddeos e mensagens afirmando que &#8220;voltaram&#8221; a namorar, explicando que o afastamento foi uma pausa para reorganiza\u00e7\u00e3o, mas que o amor entre elas permaneceu intacto.<\/p>\n<p><small>Fonte: Mundo Sertanejo<\/small><\/p>\n","protected":false},"excerpt":{"rendered":"<p>A cantora Lauana Prado e a influenciadora Tati Dias confirmam reconcilia\u00e7\u00e3o com beijos apaixonados em bloco de Carnaval em S\u00e3o Paulo, celebrando a gravidez e o primeiro Carnaval juntas.<\/p>\n","protected":false},"author":2,"featured_media":9556,"comment_status":"open","ping_status":"open","sticky":false,"template":"","format":"standard","meta":{"pagelayer_contact_templates":[],"_pagelayer_content":"","_jetpack_memberships_contains_paid_content":false,"footnotes":"","jetpack_publicize_message":"","jetpack_publicize_feature_enabled":true,"jetpack_social_post_already_shared":true,"jetpack_social_options":{"image_generator_settings":{"template":"highway","default_image_id":0,"font":"","enabled":false},"version":2}},"categories":[2],"tags":[284,312,379,378],"class_list":["post-9557","post","type-post","status-publish","format-standard","has-post-thumbnail","hentry","category-curiosidades","tag-carnaval-sp","tag-lauana-prado","tag-reconciliacao","tag-tati-dias"],"jetpack_publicize_connections":[],"jetpack_featured_media_url":"https:\/\/radioterrafm.com\/site\/wp-content\/uploads\/2026\/03\/news-1774190994.webp","jetpack_sharing_enabled":true,"_links":{"self":[{"href":"https:\/\/radioterrafm.com\/site\/wp-json\/wp\/v2\/posts\/9557","targetHints":{"allow":["GET"]}}],"collection":[{"href":"https:\/\/radioterrafm.com\/site\/wp-json\/wp\/v2\/posts"}],"about":[{"href":"https:\/\/radioterrafm.com\/site\/wp-json\/wp\/v2\/types\/post"}],"author":[{"embeddable":true,"href":"https:\/\/radioterrafm.com\/site\/wp-json\/wp\/v2\/users\/2"}],"replies":[{"embeddable":true,"href":"https:\/\/radioterrafm.com\/site\/wp-json\/wp\/v2\/comments?post=9557"}],"version-history":[{"count":0,"href":"https:\/\/radioterrafm.com\/site\/wp-json\/wp\/v2\/posts\/9557\/revisions"}],"wp:featuredmedia":[{"embeddable":true,"href":"https:\/\/radioterrafm.com\/site\/wp-json\/wp\/v2\/media\/9556"}],"wp:attachment":[{"href":"https:\/\/radioterrafm.com\/site\/wp-json\/wp\/v2\/media?parent=9557"}],"wp:term":[{"taxonomy":"category","embeddable":true,"href":"https:\/\/radioterrafm.com\/site\/wp-json\/wp\/v2\/categories?post=9557"},{"taxonomy":"post_tag","embeddable":true,"href":"https:\/\/radioterrafm.com\/site\/wp-json\/wp\/v2\/tags?post=9557"}],"curies":[{"name":"wp","href":"https:\/\/api.w.org\/{rel}","templated":true}]}}