{"id":9547,"date":"2026-03-22T08:36:53","date_gmt":"2026-03-22T11:36:53","guid":{"rendered":"https:\/\/radioterrafm.com\/site\/2026\/03\/22\/lauana-prado-revela-sexo-do-bebe-no-carnalau-sera-menino-dom-prado\/"},"modified":"2026-03-22T08:36:53","modified_gmt":"2026-03-22T11:36:53","slug":"lauana-prado-revela-sexo-do-bebe-no-carnalau-sera-menino-dom-prado","status":"publish","type":"post","link":"https:\/\/radioterrafm.com\/site\/2026\/03\/22\/lauana-prado-revela-sexo-do-bebe-no-carnalau-sera-menino-dom-prado\/","title":{"rendered":"Lauana Prado Revela Sexo do Beb\u00ea no CarnaLau: Ser\u00e1 Menino, Dom Prado"},"content":{"rendered":"<p>A cantora Lauana Prado emocionou milhares de f\u00e3s e foli\u00f5es neste s\u00e1bado (14\/2) ao anunciar o sexo do seu beb\u00ea em pleno trio el\u00e9trico, durante a apresenta\u00e7\u00e3o do CarnaLau, bloco que comanda pelo segundo ano no Parque do Ibirapuera, em S\u00e3o Paulo. Em um momento aguardado, a artista revelou que est\u00e1 esperando um menino, que receber\u00e1 o nome de Dom Prado. Segundo Lauana, \u201cDom \u00e9 a palavra da vida dela\u201d, conferindo um significado especial \u00e0 escolha e celebrando a novidade com o p\u00fablico presente.<\/p>\n<p>O an\u00fancio ocorreu no come\u00e7o da tarde, e a cantora estava acompanhada de sua namorada, Tati Dias, com quem reatou o relacionamento no in\u00edcio do m\u00eas. As duas foram flagradas em momentos de carinho, trocando beijos apaixonados e posando com as m\u00e3os na barriga de Lauana, celebrando juntas a not\u00edcia com os presentes. A presen\u00e7a do casal refor\u00e7ou a alegria do evento e a conex\u00e3o com os foli\u00f5es que lotaram o local.<\/p>\n<p>O CarnaLau, que teve in\u00edcio por volta das 11h com a apresenta\u00e7\u00e3o da dupla Cristinas, ex-backing vocals de Lauana, contou com a estrela principal subindo ao trio el\u00e9trico por volta das 12h30. No repert\u00f3rio, Lauana Prado mesclou seus grandes sucessos com vers\u00f5es carnavalescas e ritmos variados, dando destaque especial ao ax\u00e9, influenciado por sua viv\u00eancia no Maranh\u00e3o. O forte calor na capital paulista exigiu o uso de um caminh\u00e3o-pipa pela Prefeitura de S\u00e3o Paulo para refrescar a multid\u00e3o, garantindo o conforto dos participantes.<\/p>\n<p><small>Fonte: Mundo Sertanejo<\/small><\/p>\n","protected":false},"excerpt":{"rendered":"<p>Em momento emocionante no CarnaLau, a cantora Lauana Prado anunciou que espera um menino, que se chamar\u00e1 Dom Prado. O an\u00fancio foi feito em meio \u00e0 apresenta\u00e7\u00e3o no Parque do Ibirapuera, ao lado da namorada Tati Dias, e marcou a celebra\u00e7\u00e3o com milhares de f\u00e3s.<\/p>\n","protected":false},"author":2,"featured_media":9546,"comment_status":"open","ping_status":"open","sticky":false,"template":"","format":"standard","meta":{"pagelayer_contact_templates":[],"_pagelayer_content":"","_jetpack_memberships_contains_paid_content":false,"footnotes":"","jetpack_publicize_message":"","jetpack_publicize_feature_enabled":true,"jetpack_social_post_already_shared":true,"jetpack_social_options":{"image_generator_settings":{"template":"highway","default_image_id":0,"font":"","enabled":false},"version":2}},"categories":[2],"tags":[363,313,314,312],"class_list":["post-9547","post","type-post","status-publish","format-standard","has-post-thumbnail","hentry","category-curiosidades","tag-anuncio-bebe","tag-carnalau","tag-dom-prado","tag-lauana-prado"],"jetpack_publicize_connections":[],"jetpack_featured_media_url":"https:\/\/radioterrafm.com\/site\/wp-content\/uploads\/2026\/03\/news-1774179411.webp","jetpack_sharing_enabled":true,"_links":{"self":[{"href":"https:\/\/radioterrafm.com\/site\/wp-json\/wp\/v2\/posts\/9547","targetHints":{"allow":["GET"]}}],"collection":[{"href":"https:\/\/radioterrafm.com\/site\/wp-json\/wp\/v2\/posts"}],"about":[{"href":"https:\/\/radioterrafm.com\/site\/wp-json\/wp\/v2\/types\/post"}],"author":[{"embeddable":true,"href":"https:\/\/radioterrafm.com\/site\/wp-json\/wp\/v2\/users\/2"}],"replies":[{"embeddable":true,"href":"https:\/\/radioterrafm.com\/site\/wp-json\/wp\/v2\/comments?post=9547"}],"version-history":[{"count":0,"href":"https:\/\/radioterrafm.com\/site\/wp-json\/wp\/v2\/posts\/9547\/revisions"}],"wp:featuredmedia":[{"embeddable":true,"href":"https:\/\/radioterrafm.com\/site\/wp-json\/wp\/v2\/media\/9546"}],"wp:attachment":[{"href":"https:\/\/radioterrafm.com\/site\/wp-json\/wp\/v2\/media?parent=9547"}],"wp:term":[{"taxonomy":"category","embeddable":true,"href":"https:\/\/radioterrafm.com\/site\/wp-json\/wp\/v2\/categories?post=9547"},{"taxonomy":"post_tag","embeddable":true,"href":"https:\/\/radioterrafm.com\/site\/wp-json\/wp\/v2\/tags?post=9547"}],"curies":[{"name":"wp","href":"https:\/\/api.w.org\/{rel}","templated":true}]}}