{"id":9545,"date":"2026-03-22T03:41:53","date_gmt":"2026-03-22T06:41:53","guid":{"rendered":"https:\/\/radioterrafm.com\/site\/2026\/03\/22\/preferir-o-lar-a-psicologia-revela-autonomia-emocional-e-autocuidado-por-tras-da-escolha\/"},"modified":"2026-03-22T03:41:53","modified_gmt":"2026-03-22T06:41:53","slug":"preferir-o-lar-a-psicologia-revela-autonomia-emocional-e-autocuidado-por-tras-da-escolha","status":"publish","type":"post","link":"https:\/\/radioterrafm.com\/site\/2026\/03\/22\/preferir-o-lar-a-psicologia-revela-autonomia-emocional-e-autocuidado-por-tras-da-escolha\/","title":{"rendered":"Preferir o Lar: A Psicologia Revela Autonomia Emocional e Autocuidado por Tr\u00e1s da Escolha"},"content":{"rendered":"<p>Em um cen\u00e1rio onde a press\u00e3o social e a conectividade digital s\u00e3o constantes, a prefer\u00eancia por ficar em casa, em vez de participar de eventos sociais, \u00e9 frequentemente mal interpretada. O senso comum tende a associar esse comportamento ao isolamento ou \u00e0 tristeza. Contudo, a psicologia contempor\u00e2nea oferece uma perspectiva diferenciada, apontando que tal escolha pode ser um forte indicativo de autonomia emocional e uma pr\u00e1tica consciente de autocuidado, essencial para preservar o equil\u00edbrio interno em um mundo que exige disponibilidade integral.<\/p>\n<p>Essa inclina\u00e7\u00e3o pelo ambiente dom\u00e9stico n\u00e3o deve ser encarada como um problema. Para muitos, o lar serve como um ref\u00fagio para recarregar energias, promovendo uma vida interior vibrante. A ci\u00eancia, inclusive, sugere que indiv\u00edduos com esse perfil demonstram maior atividade no c\u00f3rtex pr\u00e9-frontal, \u00e1rea cerebral ligada ao pensamento reflexivo e \u00e0 regula\u00e7\u00e3o emocional. \u00c9 crucial distinguir essa prefer\u00eancia da timidez: enquanto o introvertido busca a solitude por satisfa\u00e7\u00e3o pr\u00f3pria, o t\u00edmido \u00e9 impedido pela inseguran\u00e7a e pelo medo do julgamento, uma diferen\u00e7a fundamental para a compreens\u00e3o psicol\u00f3gica.<\/p>\n<p>Pesquisas, como as de Susan Cain, valorizam o tempo sozinho, desmistificando a ideia de que a necessidade de sil\u00eancio seria uma falha. A solid\u00e3o volunt\u00e1ria, ao contr\u00e1rio do isolamento for\u00e7ado, \u00e9 um filtro regenerador, que traz benef\u00edcios diretos \u00e0 intelig\u00eancia emocional, \u00e0 criatividade e \u00e0 capacidade de tomar decis\u00f5es mais assertivas. Reduzir o volume de est\u00edmulos externos permite que o sistema nervoso se recupere, refor\u00e7ando a autonomia do indiv\u00edduo em agir conforme suas pr\u00f3prias necessidades, e n\u00e3o apenas reagir a expectativas alheias.<\/p>\n<p>No entanto, \u00e9 vital observar quando essa prefer\u00eancia saud\u00e1vel se desvia para uma fuga problem\u00e1tica. A psicologia estabelece que a principal distin\u00e7\u00e3o reside na presen\u00e7a ou aus\u00eancia de sofrimento. Se a reclus\u00e3o gera bem-estar e realiza\u00e7\u00e3o, n\u00e3o h\u00e1 motivo para alarme. O sinal de alerta surge quando a escolha \u00e9 impulsionada por medo, vergonha ou uma tristeza persistente, ou quando come\u00e7a a gerar preju\u00edzos funcionais, como evitar compromissos essenciais e perder interesse em atividades antes prazerosas. Nesse ponto, a reclus\u00e3o passa de um ato de liberdade para um sentimento de aprisionamento.<\/p>\n<p>Compreender que preferir a pr\u00f3pria companhia n\u00e3o \u00e9 uma rejei\u00e7\u00e3o aos outros \u00e9 um passo crucial para rela\u00e7\u00f5es mais maduras. Muitos amigos podem interpretar a recusa como falta de afeto, mas a psicologia esclarece que \u00e9 uma forma distinta de processar o mundo e gerenciar a energia social. A qualidade do tempo social \u00e9, muitas vezes, superior quando o indiv\u00edduo respeitou seus limites de est\u00edmulo. Assim, ficar em casa pode ser um ato profundo de conex\u00e3o consigo mesmo, permitindo um retorno ao conv\u00edvio social com mais presen\u00e7a e autenticidade quando for o momento certo.<\/p>\n<p><small>Fonte: Misterios do Mundo<\/small><\/p>\n","protected":false},"excerpt":{"rendered":"<p>Desvende o que a psicologia diz sobre preferir ficar em casa: um sinal de autonomia emocional, autocuidado e uma vida interior rica, diferenciando de isolamento ou timidez. Otimize seu bem-estar.<\/p>\n","protected":false},"author":2,"featured_media":9544,"comment_status":"open","ping_status":"open","sticky":false,"template":"","format":"standard","meta":{"pagelayer_contact_templates":[],"_pagelayer_content":"","_jetpack_memberships_contains_paid_content":false,"footnotes":"","jetpack_publicize_message":"","jetpack_publicize_feature_enabled":true,"jetpack_social_post_already_shared":true,"jetpack_social_options":{"image_generator_settings":{"template":"highway","default_image_id":0,"font":"","enabled":false},"version":2}},"categories":[2],"tags":[360,362,361,186],"class_list":["post-9545","post","type-post","status-publish","format-standard","has-post-thumbnail","hentry","category-curiosidades","tag-autocuidado","tag-bem-estar","tag-introversao","tag-psicologia"],"jetpack_publicize_connections":[],"jetpack_featured_media_url":"https:\/\/radioterrafm.com\/site\/wp-content\/uploads\/2026\/03\/news-1774161711.jpg","jetpack_sharing_enabled":true,"_links":{"self":[{"href":"https:\/\/radioterrafm.com\/site\/wp-json\/wp\/v2\/posts\/9545","targetHints":{"allow":["GET"]}}],"collection":[{"href":"https:\/\/radioterrafm.com\/site\/wp-json\/wp\/v2\/posts"}],"about":[{"href":"https:\/\/radioterrafm.com\/site\/wp-json\/wp\/v2\/types\/post"}],"author":[{"embeddable":true,"href":"https:\/\/radioterrafm.com\/site\/wp-json\/wp\/v2\/users\/2"}],"replies":[{"embeddable":true,"href":"https:\/\/radioterrafm.com\/site\/wp-json\/wp\/v2\/comments?post=9545"}],"version-history":[{"count":0,"href":"https:\/\/radioterrafm.com\/site\/wp-json\/wp\/v2\/posts\/9545\/revisions"}],"wp:featuredmedia":[{"embeddable":true,"href":"https:\/\/radioterrafm.com\/site\/wp-json\/wp\/v2\/media\/9544"}],"wp:attachment":[{"href":"https:\/\/radioterrafm.com\/site\/wp-json\/wp\/v2\/media?parent=9545"}],"wp:term":[{"taxonomy":"category","embeddable":true,"href":"https:\/\/radioterrafm.com\/site\/wp-json\/wp\/v2\/categories?post=9545"},{"taxonomy":"post_tag","embeddable":true,"href":"https:\/\/radioterrafm.com\/site\/wp-json\/wp\/v2\/tags?post=9545"}],"curies":[{"name":"wp","href":"https:\/\/api.w.org\/{rel}","templated":true}]}}