{"id":9538,"date":"2026-03-21T12:56:48","date_gmt":"2026-03-21T15:56:48","guid":{"rendered":"https:\/\/radioterrafm.com\/site\/2026\/03\/21\/brasil-e-bolivia-selam-acordo-para-corredor-logistico-de-148-km-no-centro-oeste\/"},"modified":"2026-03-21T12:56:48","modified_gmt":"2026-03-21T15:56:48","slug":"brasil-e-bolivia-selam-acordo-para-corredor-logistico-de-148-km-no-centro-oeste","status":"publish","type":"post","link":"https:\/\/radioterrafm.com\/site\/2026\/03\/21\/brasil-e-bolivia-selam-acordo-para-corredor-logistico-de-148-km-no-centro-oeste\/","title":{"rendered":"Brasil e Bol\u00edvia Selam Acordo para Corredor Log\u00edstico de 148 km no Centro-Oeste"},"content":{"rendered":"<p>O ministro da Agricultura e Pecu\u00e1ria, Carlos F\u00e1varo, participou nesta sexta-feira (20), em Mato Grosso, da assinatura de um termo de inten\u00e7\u00e3o crucial para a infraestrutura regional. O acordo visa a constru\u00e7\u00e3o de um corredor rodovi\u00e1rio transfronteiri\u00e7o entre Brasil e Bol\u00edvia, com cerca de 148 quil\u00f4metros de extens\u00e3o. A nova rota conectar\u00e1 a fronteira brasileira, ligada \u00e0 MT-199 em Vila Bela da Sant\u00edssima Trindade (MT), ao entroncamento com a Rodovia 10 boliviana, em San Ignacio de Velasco, no departamento de Santa Cruz.<\/p>\n<p>O termo de inten\u00e7\u00e3o re\u00fane o Minist\u00e9rio da Agricultura e Pecu\u00e1ria (Mapa), a Alian\u00e7a do Setor Produtivo de Mato Grosso \u2013 composta por FAMATO, FIEMT e FECOM\u00c9RCIO-MT \u2013 e o Governo Aut\u00f4nomo Departamental de Santa Cruz. Durante a cerim\u00f4nia, F\u00e1varo ressaltou a import\u00e2ncia estrat\u00e9gica de rotas de integra\u00e7\u00e3o sul-americanas para o com\u00e9rcio regional, destacando que a iniciativa faz parte da estrat\u00e9gia brasileira de consolidar corredores log\u00edsticos que unam os oceanos Atl\u00e2ntico e Pac\u00edfico. A nova via poder\u00e1 ampliar o acesso da Bol\u00edvia aos mercados internacionais via portos do Arco Norte brasileiro e, simultaneamente, elevar a competitividade das exporta\u00e7\u00f5es do Brasil.<\/p>\n<p>A assinatura formaliza o interesse das partes e abre caminho para a estrutura\u00e7\u00e3o detalhada do projeto. O Mapa ter\u00e1 um papel central na articula\u00e7\u00e3o entre os setores p\u00fablico e privado, bem como na interlocu\u00e7\u00e3o com institui\u00e7\u00f5es financeiras, como o Banco Nacional de Desenvolvimento Econ\u00f4mico e Social (BNDES), para avaliar as alternativas de financiamento. Adicionalmente, a proposta contempla a cria\u00e7\u00e3o de um canal permanente de coopera\u00e7\u00e3o entre os envolvidos, promovendo a troca de informa\u00e7\u00f5es e o alinhamento institucional para garantir a viabilidade do corredor. Em \u00faltima an\u00e1lise, a iniciativa busca expandir as op\u00e7\u00f5es de escoamento, impulsionar o com\u00e9rcio bilateral e fortalecer a integra\u00e7\u00e3o produtiva entre Brasil e Bol\u00edvia.<\/p>\n<p><small>Fonte: Canal Rural<\/small><\/p>\n","protected":false},"excerpt":{"rendered":"<p>Brasil e Bol\u00edvia assinaram um termo de inten\u00e7\u00e3o para construir um corredor rodovi\u00e1rio transfronteiri\u00e7o de 148 km, visando otimizar o escoamento no Centro-Oeste e fortalecer o com\u00e9rcio bilateral entre os pa\u00edses.<\/p>\n","protected":false},"author":2,"featured_media":9537,"comment_status":"open","ping_status":"open","sticky":false,"template":"","format":"standard","meta":{"pagelayer_contact_templates":[],"_pagelayer_content":"","_jetpack_memberships_contains_paid_content":false,"footnotes":"","jetpack_publicize_message":"","jetpack_publicize_feature_enabled":true,"jetpack_social_post_already_shared":true,"jetpack_social_options":{"image_generator_settings":{"template":"highway","default_image_id":0,"font":"","enabled":false},"version":2}},"categories":[3],"tags":[294,350,351,352],"class_list":["post-9538","post","type-post","status-publish","format-standard","has-post-thumbnail","hentry","category-geral","tag-agricultura-brasileira","tag-bolivia","tag-corredor-logistico","tag-infraestrutura"],"jetpack_publicize_connections":[],"jetpack_featured_media_url":"https:\/\/radioterrafm.com\/site\/wp-content\/uploads\/2026\/03\/news-1774108607.jpg","jetpack_sharing_enabled":true,"_links":{"self":[{"href":"https:\/\/radioterrafm.com\/site\/wp-json\/wp\/v2\/posts\/9538","targetHints":{"allow":["GET"]}}],"collection":[{"href":"https:\/\/radioterrafm.com\/site\/wp-json\/wp\/v2\/posts"}],"about":[{"href":"https:\/\/radioterrafm.com\/site\/wp-json\/wp\/v2\/types\/post"}],"author":[{"embeddable":true,"href":"https:\/\/radioterrafm.com\/site\/wp-json\/wp\/v2\/users\/2"}],"replies":[{"embeddable":true,"href":"https:\/\/radioterrafm.com\/site\/wp-json\/wp\/v2\/comments?post=9538"}],"version-history":[{"count":0,"href":"https:\/\/radioterrafm.com\/site\/wp-json\/wp\/v2\/posts\/9538\/revisions"}],"wp:featuredmedia":[{"embeddable":true,"href":"https:\/\/radioterrafm.com\/site\/wp-json\/wp\/v2\/media\/9537"}],"wp:attachment":[{"href":"https:\/\/radioterrafm.com\/site\/wp-json\/wp\/v2\/media?parent=9538"}],"wp:term":[{"taxonomy":"category","embeddable":true,"href":"https:\/\/radioterrafm.com\/site\/wp-json\/wp\/v2\/categories?post=9538"},{"taxonomy":"post_tag","embeddable":true,"href":"https:\/\/radioterrafm.com\/site\/wp-json\/wp\/v2\/tags?post=9538"}],"curies":[{"name":"wp","href":"https:\/\/api.w.org\/{rel}","templated":true}]}}