{"id":9527,"date":"2026-03-19T16:26:28","date_gmt":"2026-03-19T19:26:28","guid":{"rendered":"https:\/\/radioterrafm.com\/site\/2026\/03\/19\/crise-no-oriente-medio-eleva-custos-do-cafe-em-minas-e-preocupa-consumidor\/"},"modified":"2026-03-19T16:26:28","modified_gmt":"2026-03-19T19:26:28","slug":"crise-no-oriente-medio-eleva-custos-do-cafe-em-minas-e-preocupa-consumidor","status":"publish","type":"post","link":"https:\/\/radioterrafm.com\/site\/2026\/03\/19\/crise-no-oriente-medio-eleva-custos-do-cafe-em-minas-e-preocupa-consumidor\/","title":{"rendered":"Crise no Oriente M\u00e9dio Eleva Custos do Caf\u00e9 em Minas e Preocupa Consumidor"},"content":{"rendered":"<p>A guerra no Oriente M\u00e9dio j\u00e1 come\u00e7a a repercutir na cafeicultura mineira, gerando uma escalada nos custos de produ\u00e7\u00e3o que amea\u00e7a impactar diretamente o bolso do consumidor. O aumento nos pre\u00e7os de fertilizantes, diesel e frete tem pressionado significativamente os produtores de caf\u00e9, que preveem um repasse inevit\u00e1vel desses acr\u00e9scimos ao longo da cadeia produtiva.<\/p>\n<p>Segundo Fernando Barbosa, presidente da Associa\u00e7\u00e3o dos Cafeicultores do Sudoeste de Minas Gerais, o impacto \u00e9 sentido em cascata e antecede at\u00e9 mesmo o per\u00edodo de colheita. Os insumos essenciais, como fertilizantes \u2013 em especial a ureia, que depende de importa\u00e7\u00f5es de regi\u00f5es afetadas pelo conflito \u2013 j\u00e1 registram alta. Al\u00e9m disso, o encarecimento do petr\u00f3leo eleva o pre\u00e7o do diesel, crucial para todas as etapas da produ\u00e7\u00e3o, desde o transporte de insumos at\u00e9 a opera\u00e7\u00e3o de m\u00e1quinas e a colheita, com o frete j\u00e1 apresentando eleva\u00e7\u00e3o.<\/p>\n<p>As proje\u00e7\u00f5es no campo apontam para um aumento significativo nos custos para a safra 2025\/26, estimando uma alta entre 20% e 30%. Embora o sudoeste de Minas Gerais se prepare para uma colheita promissora, favorecida por boas condi\u00e7\u00f5es clim\u00e1ticas, o cen\u00e1rio de custos elevados gera incerteza. \u201cEra um ano para aliviar o custo de produ\u00e7\u00e3o, mas estamos vendo o contr\u00e1rio\u201d, lamenta Barbosa, ressaltando a frustra\u00e7\u00e3o diante das expectativas.<\/p>\n<p>Com a eleva\u00e7\u00e3o dos custos no campo e na log\u00edstica, o repasse para o consumidor final \u00e9 considerado inevit\u00e1vel. Barbosa afirma que n\u00e3o h\u00e1 como os produtores absorverem sozinhos esses aumentos, que dever\u00e3o se refletir no pre\u00e7o do caf\u00e9. A depend\u00eancia do setor em rela\u00e7\u00e3o aos combust\u00edveis f\u00f3sseis agrava a situa\u00e7\u00e3o, uma vez que a maior parte das opera\u00e7\u00f5es agr\u00edcolas ainda depende do diesel e da gasolina, sem alternativas el\u00e9tricas amplamente dispon\u00edveis no campo.<\/p>\n<p><small>Fonte: Canal Rural<\/small><\/p>\n","protected":false},"excerpt":{"rendered":"<p>Produtores de caf\u00e9 de Minas Gerais alertam para o repasse de custos elevados de fertilizantes e diesel, impactados pela guerra no Oriente M\u00e9dio, para o pre\u00e7o final ao consumidor.<\/p>\n","protected":false},"author":2,"featured_media":9526,"comment_status":"open","ping_status":"open","sticky":false,"template":"","format":"standard","meta":{"pagelayer_contact_templates":[],"_pagelayer_content":"","_jetpack_memberships_contains_paid_content":false,"footnotes":"","jetpack_publicize_message":"","jetpack_publicize_feature_enabled":true,"jetpack_social_post_already_shared":true,"jetpack_social_options":{"image_generator_settings":{"template":"highway","default_image_id":0,"font":"","enabled":false},"version":2}},"categories":[3],"tags":[254,335,337,336],"class_list":["post-9527","post","type-post","status-publish","format-standard","has-post-thumbnail","hentry","category-geral","tag-cafe","tag-custos-producao","tag-minas-gerais","tag-preco-consumidor"],"jetpack_publicize_connections":[],"jetpack_featured_media_url":"https:\/\/radioterrafm.com\/site\/wp-content\/uploads\/2026\/03\/news-1773948385.jpg","jetpack_sharing_enabled":true,"_links":{"self":[{"href":"https:\/\/radioterrafm.com\/site\/wp-json\/wp\/v2\/posts\/9527","targetHints":{"allow":["GET"]}}],"collection":[{"href":"https:\/\/radioterrafm.com\/site\/wp-json\/wp\/v2\/posts"}],"about":[{"href":"https:\/\/radioterrafm.com\/site\/wp-json\/wp\/v2\/types\/post"}],"author":[{"embeddable":true,"href":"https:\/\/radioterrafm.com\/site\/wp-json\/wp\/v2\/users\/2"}],"replies":[{"embeddable":true,"href":"https:\/\/radioterrafm.com\/site\/wp-json\/wp\/v2\/comments?post=9527"}],"version-history":[{"count":0,"href":"https:\/\/radioterrafm.com\/site\/wp-json\/wp\/v2\/posts\/9527\/revisions"}],"wp:featuredmedia":[{"embeddable":true,"href":"https:\/\/radioterrafm.com\/site\/wp-json\/wp\/v2\/media\/9526"}],"wp:attachment":[{"href":"https:\/\/radioterrafm.com\/site\/wp-json\/wp\/v2\/media?parent=9527"}],"wp:term":[{"taxonomy":"category","embeddable":true,"href":"https:\/\/radioterrafm.com\/site\/wp-json\/wp\/v2\/categories?post=9527"},{"taxonomy":"post_tag","embeddable":true,"href":"https:\/\/radioterrafm.com\/site\/wp-json\/wp\/v2\/tags?post=9527"}],"curies":[{"name":"wp","href":"https:\/\/api.w.org\/{rel}","templated":true}]}}