{"id":9512,"date":"2026-03-14T14:28:10","date_gmt":"2026-03-14T17:28:10","guid":{"rendered":"https:\/\/radioterrafm.com\/site\/2026\/03\/14\/gusttavo-lima-retorna-como-embaixador-de-barretos-e-confirma-shows-em-dose-dupla\/"},"modified":"2026-03-14T14:28:10","modified_gmt":"2026-03-14T17:28:10","slug":"gusttavo-lima-retorna-como-embaixador-de-barretos-e-confirma-shows-em-dose-dupla","status":"publish","type":"post","link":"https:\/\/radioterrafm.com\/site\/2026\/03\/14\/gusttavo-lima-retorna-como-embaixador-de-barretos-e-confirma-shows-em-dose-dupla\/","title":{"rendered":"Gusttavo Lima Retorna como Embaixador de Barretos e Confirma Shows em Dose Dupla"},"content":{"rendered":"<p>O cantor Gusttavo Lima foi oficialmente nomeado, pela terceira vez, Embaixador da renomada Festa do Pe\u00e3o de Barretos, que neste ano celebra sua 71\u00aa edi\u00e7\u00e3o. O an\u00fancio foi feito durante uma live transmitida nas redes sociais do evento, contando com a participa\u00e7\u00e3o entusiasmada do artista. \u201cMuito feliz em estar de volta a Barretos. Todos sabem o quanto sou grato a essa festa, onde j\u00e1 vivemos tantos momentos especiais. O que posso adiantar \u00e9 que novamente vamos fazer hist\u00f3ria nesse palco e, desta vez, em dose dupla\u201d, declarou o cantor.<\/p>\n<p>Al\u00e9m de reassumir o t\u00edtulo, que j\u00e1 ostentou nos anos de 2017 e 2018, Gusttavo Lima ter\u00e1 duas apresenta\u00e7\u00f5es marcantes na festa, considerada a mais famosa da Am\u00e9rica Latina. Seus shows est\u00e3o agendados para os dias 22 e 29 de agosto, ambos s\u00e1bados do evento. Pedro Muzeti, diretor cultural, ressaltou a expectativa: \u201cOs shows em Barretos s\u00e3o sempre emocionantes, os artistas reservam surpresas, roteiros e repert\u00f3rios in\u00e9ditos. E para os shows do Embaixador, em dose dupla, este ano ser\u00e3o ainda mais especiais. Ele \u00e9 um artista que sempre entrega grandes apresenta\u00e7\u00f5es e tem uma conex\u00e3o muito grande com o p\u00fablico da Festa\u201d. O line-up completo das atra\u00e7\u00f5es ainda ser\u00e1 divulgado.<\/p>\n<p>A trajet\u00f3ria de Gusttavo Lima na Festa do Pe\u00e3o de Barretos \u00e9 marcada por um longo hist\u00f3rico de sucesso. Sua primeira apari\u00e7\u00e3o foi em 2009, aos 19 anos, no palco do espa\u00e7o Berrant\u00e3o. Apenas dois anos depois, em 2011, ele j\u00e1 se apresentava no palco Est\u00e1dio, a principal arena do Parque do Pe\u00e3o. Desde ent\u00e3o, o sertanejo acumulou 11 apresenta\u00e7\u00f5es no evento, consolidando sua presen\u00e7a e popularidade.<\/p>\n<p>Entre os momentos mais ic\u00f4nicos, Gusttavo Lima foi o primeiro a ocupar o posto de Embaixador por dois anos consecutivos, em 2017 e 2018. Em 2017, seu show se estendeu pela madrugada, amanhecendo na arena com um cen\u00e1rio de churrasco e boteco montados no palco. No ano seguinte, em 2018, o cantor gravou um DVD memor\u00e1vel durante o evento, em um espet\u00e1culo de quase seis horas de dura\u00e7\u00e3o (5h40), que s\u00f3 terminou \u00e0s 10h20 da manh\u00e3, com o p\u00fablico entoando em coro \u201ceu n\u00e3o vou embora\u201d, em um clima de celebra\u00e7\u00e3o inesquec\u00edvel.<\/p>\n<p><small>Fonte: Portal Sertanejo<\/small><\/p>\n","protected":false},"excerpt":{"rendered":"<p>Pela terceira vez, Gusttavo Lima \u00e9 nomeado Embaixador da Festa do Pe\u00e3o de Barretos e promete duas apresenta\u00e7\u00f5es hist\u00f3ricas na 71\u00aa edi\u00e7\u00e3o do evento.<\/p>\n","protected":false},"author":2,"featured_media":9511,"comment_status":"open","ping_status":"open","sticky":false,"template":"","format":"standard","meta":{"pagelayer_contact_templates":[],"_pagelayer_content":"","_jetpack_memberships_contains_paid_content":false,"footnotes":"","jetpack_publicize_message":"","jetpack_publicize_feature_enabled":true,"jetpack_social_post_already_shared":true,"jetpack_social_options":{"image_generator_settings":{"template":"highway","default_image_id":0,"font":"","enabled":false},"version":2}},"categories":[3],"tags":[315,317,316,190],"class_list":["post-9512","post","type-post","status-publish","format-standard","has-post-thumbnail","hentry","category-geral","tag-barretos","tag-embaixador","tag-festa-do-peao","tag-gusttavo-lima"],"jetpack_publicize_connections":[],"jetpack_featured_media_url":"https:\/\/radioterrafm.com\/site\/wp-content\/uploads\/2026\/03\/news-1773509288.jpg","jetpack_sharing_enabled":true,"_links":{"self":[{"href":"https:\/\/radioterrafm.com\/site\/wp-json\/wp\/v2\/posts\/9512","targetHints":{"allow":["GET"]}}],"collection":[{"href":"https:\/\/radioterrafm.com\/site\/wp-json\/wp\/v2\/posts"}],"about":[{"href":"https:\/\/radioterrafm.com\/site\/wp-json\/wp\/v2\/types\/post"}],"author":[{"embeddable":true,"href":"https:\/\/radioterrafm.com\/site\/wp-json\/wp\/v2\/users\/2"}],"replies":[{"embeddable":true,"href":"https:\/\/radioterrafm.com\/site\/wp-json\/wp\/v2\/comments?post=9512"}],"version-history":[{"count":0,"href":"https:\/\/radioterrafm.com\/site\/wp-json\/wp\/v2\/posts\/9512\/revisions"}],"wp:featuredmedia":[{"embeddable":true,"href":"https:\/\/radioterrafm.com\/site\/wp-json\/wp\/v2\/media\/9511"}],"wp:attachment":[{"href":"https:\/\/radioterrafm.com\/site\/wp-json\/wp\/v2\/media?parent=9512"}],"wp:term":[{"taxonomy":"category","embeddable":true,"href":"https:\/\/radioterrafm.com\/site\/wp-json\/wp\/v2\/categories?post=9512"},{"taxonomy":"post_tag","embeddable":true,"href":"https:\/\/radioterrafm.com\/site\/wp-json\/wp\/v2\/tags?post=9512"}],"curies":[{"name":"wp","href":"https:\/\/api.w.org\/{rel}","templated":true}]}}