{"id":9510,"date":"2026-03-14T14:22:40","date_gmt":"2026-03-14T17:22:40","guid":{"rendered":"https:\/\/radioterrafm.com\/site\/2026\/03\/14\/lauana-prado-arrasta-multidao-em-sp-e-anuncia-que-espera-um-menino\/"},"modified":"2026-03-14T14:22:40","modified_gmt":"2026-03-14T17:22:40","slug":"lauana-prado-arrasta-multidao-em-sp-e-anuncia-que-espera-um-menino","status":"publish","type":"post","link":"https:\/\/radioterrafm.com\/site\/2026\/03\/14\/lauana-prado-arrasta-multidao-em-sp-e-anuncia-que-espera-um-menino\/","title":{"rendered":"Lauana Prado arrasta multid\u00e3o em SP e anuncia que espera um menino"},"content":{"rendered":"<p>A cantora Lauana Prado transformou o Obelisco do Ibirapuera, na zona sul de S\u00e3o Paulo, em um palco vibrante neste s\u00e1bado (14\/2), ao comandar a segunda edi\u00e7\u00e3o do CarnaLau. Milhares de f\u00e3s e foli\u00f5es lotaram a Avenida Pedro \u00c1lvares Cabral para prestigiar o bloco de rua da artista, que se tornou um dos pontos altos do Carnaval paulistano.<\/p>\n<p>O evento foi marcado pela energia contagiante, atraindo at\u00e9 mesmo f\u00e3s de outras cidades, como Cintia Santos, que viajou do Rio de Janeiro para n\u00e3o perder a apresenta\u00e7\u00e3o. No trio el\u00e9trico, que Lauana subiu por volta das 12h30, o repert\u00f3rio mesclou sucessos da cantora com vers\u00f5es carnavalescas e ritmos variados, com forte influ\u00eancia do ax\u00e9, refletindo suas experi\u00eancias musicais vividas no Maranh\u00e3o.<\/p>\n<p>Em um momento de grande emo\u00e7\u00e3o, Lauana Prado aproveitou a atmosfera festiva para fazer um an\u00fancio pessoal. Acompanhada da namorada, Tati Dias \u2013 com quem reatou o relacionamento recentemente \u2013, a artista revelou aos milhares de presentes o sexo do beb\u00ea que espera: um menino. O futuro herdeiro receber\u00e1 o nome de Dom Prado, uma escolha que, segundo a cantora, representa uma &#8220;palavra da vida dela&#8221;.<\/p>\n<p>Para lidar com o forte calor que atingiu a capital paulista, a Prefeitura de S\u00e3o Paulo utilizou um caminh\u00e3o-pipa para refrescar os foli\u00f5es, garantindo o conforto e a divers\u00e3o do p\u00fablico at\u00e9 o fim do evento. O CarnaLau consolidou-se, assim, como um dos blocos de maior sucesso na cidade, unindo m\u00fasica, festa e momentos inesquec\u00edveis para os f\u00e3s da artista.<\/p>\n<p><small>Fonte: Mundo Sertanejo<\/small><\/p>\n","protected":false},"excerpt":{"rendered":"<p>A cantora Lauana Prado levou milhares de foli\u00f5es ao Obelisco do Ibirapuera para a segunda edi\u00e7\u00e3o do CarnaLau, onde agitou o p\u00fablico e revelou que espera um menino, Dom Prado.<\/p>\n","protected":false},"author":2,"featured_media":9509,"comment_status":"open","ping_status":"open","sticky":false,"template":"","format":"standard","meta":{"pagelayer_contact_templates":[],"_pagelayer_content":"","_jetpack_memberships_contains_paid_content":false,"footnotes":"","jetpack_publicize_message":"","jetpack_publicize_feature_enabled":true,"jetpack_social_post_already_shared":true,"jetpack_social_options":{"image_generator_settings":{"template":"highway","default_image_id":0,"font":"","enabled":false},"version":2}},"categories":[2],"tags":[313,284,314,312],"class_list":["post-9510","post","type-post","status-publish","format-standard","has-post-thumbnail","hentry","category-curiosidades","tag-carnalau","tag-carnaval-sp","tag-dom-prado","tag-lauana-prado"],"jetpack_publicize_connections":[],"jetpack_featured_media_url":"https:\/\/radioterrafm.com\/site\/wp-content\/uploads\/2026\/03\/news-1773508959.webp","jetpack_sharing_enabled":true,"_links":{"self":[{"href":"https:\/\/radioterrafm.com\/site\/wp-json\/wp\/v2\/posts\/9510","targetHints":{"allow":["GET"]}}],"collection":[{"href":"https:\/\/radioterrafm.com\/site\/wp-json\/wp\/v2\/posts"}],"about":[{"href":"https:\/\/radioterrafm.com\/site\/wp-json\/wp\/v2\/types\/post"}],"author":[{"embeddable":true,"href":"https:\/\/radioterrafm.com\/site\/wp-json\/wp\/v2\/users\/2"}],"replies":[{"embeddable":true,"href":"https:\/\/radioterrafm.com\/site\/wp-json\/wp\/v2\/comments?post=9510"}],"version-history":[{"count":0,"href":"https:\/\/radioterrafm.com\/site\/wp-json\/wp\/v2\/posts\/9510\/revisions"}],"wp:featuredmedia":[{"embeddable":true,"href":"https:\/\/radioterrafm.com\/site\/wp-json\/wp\/v2\/media\/9509"}],"wp:attachment":[{"href":"https:\/\/radioterrafm.com\/site\/wp-json\/wp\/v2\/media?parent=9510"}],"wp:term":[{"taxonomy":"category","embeddable":true,"href":"https:\/\/radioterrafm.com\/site\/wp-json\/wp\/v2\/categories?post=9510"},{"taxonomy":"post_tag","embeddable":true,"href":"https:\/\/radioterrafm.com\/site\/wp-json\/wp\/v2\/tags?post=9510"}],"curies":[{"name":"wp","href":"https:\/\/api.w.org\/{rel}","templated":true}]}}