{"id":9474,"date":"2026-03-13T12:09:55","date_gmt":"2026-03-13T15:09:55","guid":{"rendered":"https:\/\/radioterrafm.com\/site\/2026\/03\/13\/exportacao-de-ovos-brasileiros-recua-5-em-fevereiro-mas-acumula-volumes-historicos\/"},"modified":"2026-03-13T12:09:55","modified_gmt":"2026-03-13T15:09:55","slug":"exportacao-de-ovos-brasileiros-recua-5-em-fevereiro-mas-acumula-volumes-historicos","status":"publish","type":"post","link":"https:\/\/radioterrafm.com\/site\/2026\/03\/13\/exportacao-de-ovos-brasileiros-recua-5-em-fevereiro-mas-acumula-volumes-historicos\/","title":{"rendered":"Exporta\u00e7\u00e3o de Ovos Brasileiros Recua 5% em Fevereiro, Mas Acumula Volumes Hist\u00f3ricos"},"content":{"rendered":"<p>As exporta\u00e7\u00f5es brasileiras de ovos registraram uma leve retra\u00e7\u00e3o de 5% em fevereiro em compara\u00e7\u00e3o com o m\u00eas anterior, conforme dados divulgados pelo Cepea. Apesar dessa queda pontual, o desempenho do segundo m\u00eas de 2026 superou significativamente os volumes registrados no mesmo per\u00edodo de 2025, solidificando um cen\u00e1rio de crescimento robusto para o setor.<\/p>\n<p>Os n\u00fameros apresentados indicam um impressionante crescimento de 16% em rela\u00e7\u00e3o ao ano anterior. Este resultado n\u00e3o apenas reflete a boa fase do agroneg\u00f3cio brasileiro, mas tamb\u00e9m representa o maior volume de exporta\u00e7\u00f5es para o per\u00edodo de fevereiro desde 2013, sublinhando a for\u00e7a e a expans\u00e3o do mercado nacional de ovos no cen\u00e1rio internacional.<\/p>\n<p>Apesar do recuo mensal, a queda n\u00e3o gera preocupa\u00e7\u00f5es significativas entre os analistas de mercado. O desempenho geral das exporta\u00e7\u00f5es \u00e9 amplamente considerado acima da m\u00e9dia para esta \u00e9poca do ano. Os volumes registrados nos \u00faltimos dois meses s\u00e3o vistos como hist\u00f3ricos, atingindo patamares que n\u00e3o eram observados h\u00e1 mais de uma d\u00e9cada, projetando um panorama positivo para o setor.<\/p>\n<p><small>Fonte: Canal Rural<\/small><\/p>\n","protected":false},"excerpt":{"rendered":"<p>A exporta\u00e7\u00e3o de ovos brasileiros registrou leve queda de 5% em fevereiro, mas os volumes acumulados s\u00e3o hist\u00f3ricos e superam o ano anterior, indicando um mercado aquecido.<\/p>\n","protected":false},"author":2,"featured_media":9473,"comment_status":"open","ping_status":"open","sticky":false,"template":"","format":"standard","meta":{"pagelayer_contact_templates":[],"_pagelayer_content":"","_jetpack_memberships_contains_paid_content":false,"footnotes":"","jetpack_publicize_message":"","jetpack_publicize_feature_enabled":true,"jetpack_social_post_already_shared":true,"jetpack_social_options":{"image_generator_settings":{"template":"highway","default_image_id":0,"font":"","enabled":false},"version":2}},"categories":[3],"tags":[128,166,226,259],"class_list":["post-9474","post","type-post","status-publish","format-standard","has-post-thumbnail","hentry","category-geral","tag-agronegocio","tag-exportacao-frango-halal","tag-mercado-agricola","tag-ovos"],"jetpack_publicize_connections":[],"jetpack_featured_media_url":"https:\/\/radioterrafm.com\/site\/wp-content\/uploads\/2026\/03\/news-1773414595.jpg","jetpack_sharing_enabled":true,"_links":{"self":[{"href":"https:\/\/radioterrafm.com\/site\/wp-json\/wp\/v2\/posts\/9474","targetHints":{"allow":["GET"]}}],"collection":[{"href":"https:\/\/radioterrafm.com\/site\/wp-json\/wp\/v2\/posts"}],"about":[{"href":"https:\/\/radioterrafm.com\/site\/wp-json\/wp\/v2\/types\/post"}],"author":[{"embeddable":true,"href":"https:\/\/radioterrafm.com\/site\/wp-json\/wp\/v2\/users\/2"}],"replies":[{"embeddable":true,"href":"https:\/\/radioterrafm.com\/site\/wp-json\/wp\/v2\/comments?post=9474"}],"version-history":[{"count":0,"href":"https:\/\/radioterrafm.com\/site\/wp-json\/wp\/v2\/posts\/9474\/revisions"}],"wp:featuredmedia":[{"embeddable":true,"href":"https:\/\/radioterrafm.com\/site\/wp-json\/wp\/v2\/media\/9473"}],"wp:attachment":[{"href":"https:\/\/radioterrafm.com\/site\/wp-json\/wp\/v2\/media?parent=9474"}],"wp:term":[{"taxonomy":"category","embeddable":true,"href":"https:\/\/radioterrafm.com\/site\/wp-json\/wp\/v2\/categories?post=9474"},{"taxonomy":"post_tag","embeddable":true,"href":"https:\/\/radioterrafm.com\/site\/wp-json\/wp\/v2\/tags?post=9474"}],"curies":[{"name":"wp","href":"https:\/\/api.w.org\/{rel}","templated":true}]}}