{"id":9470,"date":"2026-03-13T12:04:49","date_gmt":"2026-03-13T15:04:49","guid":{"rendered":"https:\/\/radioterrafm.com\/site\/2026\/03\/13\/exportacoes-de-cafe-do-brasil-caem-mais-de-20-em-fevereiro\/"},"modified":"2026-03-13T12:04:49","modified_gmt":"2026-03-13T15:04:49","slug":"exportacoes-de-cafe-do-brasil-caem-mais-de-20-em-fevereiro","status":"publish","type":"post","link":"https:\/\/radioterrafm.com\/site\/2026\/03\/13\/exportacoes-de-cafe-do-brasil-caem-mais-de-20-em-fevereiro\/","title":{"rendered":"Exporta\u00e7\u00f5es de Caf\u00e9 do Brasil Caem Mais de 20% em Fevereiro"},"content":{"rendered":"<p>As exporta\u00e7\u00f5es de caf\u00e9 do Brasil sofreram uma queda expressiva em fevereiro, com o pa\u00eds embarcando 2,6 milh\u00f5es de sacas de 60 quilos do gr\u00e3o. Este volume representa uma redu\u00e7\u00e3o de 23,5% em compara\u00e7\u00e3o com o mesmo m\u00eas do ano anterior, segundo dados divulgados pelo Conselho dos Exportadores de Caf\u00e9 do Brasil (Cecaf\u00e9). No primeiro bimestre, a retra\u00e7\u00e3o foi ainda mais acentuada, atingindo 27,29% com 5,41 milh\u00f5es de sacas exportadas. Em termos de receita, fevereiro registrou uma queda de 14,7%, somando US$ 1,061 bilh\u00e3o.<\/p>\n<p>No entanto, a perspectiva de longo prazo para a safra apresenta um cen\u00e1rio misto. No acumulado de julho de 2025 a fevereiro de 2026, as exporta\u00e7\u00f5es totalizam 26,038 milh\u00f5es de sacas, uma redu\u00e7\u00e3o de 22,6% frente ao mesmo per\u00edodo da safra anterior. Apesar da queda no volume, a receita acumulada obteve um incremento de 5,3%, atingindo a marca de US$ 10,301 bilh\u00f5es, indicando uma valoriza\u00e7\u00e3o do produto no mercado internacional.<\/p>\n<p>Os principais destinos do caf\u00e9 brasileiro no primeiro bimestre revelam mudan\u00e7as significativas. A Alemanha manteve-se como o maior importador, com 786 mil sacas, apesar de uma redu\u00e7\u00e3o de 20%. Os Estados Unidos, segundo maior comprador, registraram uma forte retra\u00e7\u00e3o de 45%, importando 655 mil sacas. Em seguida, figuram It\u00e1lia, com 568 mil toneladas; B\u00e9lgica, com 331 mil sacas; e Jap\u00e3o, com 315 mil sacas.<\/p>\n<p>A an\u00e1lise por tipo de caf\u00e9 mostra que os embarques de Ar\u00e1bica somaram 2,068 milh\u00f5es de sacas em fevereiro, representando 78,9% do total, mas com queda de 28,9%. Por outro lado, o caf\u00e9 sol\u00favel se destacou positivamente, totalizando 320 mil sacas e um crescimento de 13,8%, contribuindo com 12% dos embarques e ajudando a compensar as perdas em outras esp\u00e9cies. J\u00e1 o caf\u00e9 Robusta representou 8,6% dos embarques no m\u00eas, com um volume 28,9% menor em compara\u00e7\u00e3o ao mesmo per\u00edodo da safra anterior. As vendas externas de caf\u00e9 torrado e mo\u00eddo recuaram 20,9%, para 3,2 mil sacas.<\/p>\n<p>Em rela\u00e7\u00e3o \u00e0 log\u00edstica, o Porto de Santos permanece como a principal porta de sa\u00edda para o caf\u00e9 brasileiro, movimentando 5,780 milh\u00f5es de sacas no primeiro bimestre, o equivalente a 77,7% do total. O complexo portu\u00e1rio do Rio de Janeiro aparece na sequ\u00eancia, com 18% das exporta\u00e7\u00f5es (1,336 milh\u00f5es de sacas), seguido pelo Porto de Paranagu\u00e1, com 1,1% dos embarques (84 mil sacas).<\/p>\n<p><small>Fonte: Agro Noticia<\/small><\/p>\n","protected":false},"excerpt":{"rendered":"<p>As exporta\u00e7\u00f5es brasileiras de caf\u00e9 registraram uma queda de 23,5% em fevereiro, totalizando 2,6 milh\u00f5es de sacas. O setor tamb\u00e9m viu retra\u00e7\u00e3o no primeiro bimestre, impactando a receita e o fluxo para grandes mercados, apesar de um aumento no valor acumulado da safra.<\/p>\n","protected":false},"author":2,"featured_media":9469,"comment_status":"open","ping_status":"open","sticky":false,"template":"","format":"standard","meta":{"pagelayer_contact_templates":[],"_pagelayer_content":"","_jetpack_memberships_contains_paid_content":false,"footnotes":"","jetpack_publicize_message":"","jetpack_publicize_feature_enabled":true,"jetpack_social_post_already_shared":true,"jetpack_social_options":{"image_generator_settings":{"template":"highway","default_image_id":0,"font":"","enabled":false},"version":2}},"categories":[3],"tags":[128,254,167,166],"class_list":["post-9470","post","type-post","status-publish","format-standard","has-post-thumbnail","hentry","category-geral","tag-agronegocio","tag-cafe","tag-comercio-brasil","tag-exportacao-frango-halal"],"jetpack_publicize_connections":[],"jetpack_featured_media_url":"https:\/\/radioterrafm.com\/site\/wp-content\/uploads\/2026\/03\/news-1773414286.png","jetpack_sharing_enabled":true,"_links":{"self":[{"href":"https:\/\/radioterrafm.com\/site\/wp-json\/wp\/v2\/posts\/9470","targetHints":{"allow":["GET"]}}],"collection":[{"href":"https:\/\/radioterrafm.com\/site\/wp-json\/wp\/v2\/posts"}],"about":[{"href":"https:\/\/radioterrafm.com\/site\/wp-json\/wp\/v2\/types\/post"}],"author":[{"embeddable":true,"href":"https:\/\/radioterrafm.com\/site\/wp-json\/wp\/v2\/users\/2"}],"replies":[{"embeddable":true,"href":"https:\/\/radioterrafm.com\/site\/wp-json\/wp\/v2\/comments?post=9470"}],"version-history":[{"count":0,"href":"https:\/\/radioterrafm.com\/site\/wp-json\/wp\/v2\/posts\/9470\/revisions"}],"wp:featuredmedia":[{"embeddable":true,"href":"https:\/\/radioterrafm.com\/site\/wp-json\/wp\/v2\/media\/9469"}],"wp:attachment":[{"href":"https:\/\/radioterrafm.com\/site\/wp-json\/wp\/v2\/media?parent=9470"}],"wp:term":[{"taxonomy":"category","embeddable":true,"href":"https:\/\/radioterrafm.com\/site\/wp-json\/wp\/v2\/categories?post=9470"},{"taxonomy":"post_tag","embeddable":true,"href":"https:\/\/radioterrafm.com\/site\/wp-json\/wp\/v2\/tags?post=9470"}],"curies":[{"name":"wp","href":"https:\/\/api.w.org\/{rel}","templated":true}]}}