{"id":9468,"date":"2026-03-12T21:14:56","date_gmt":"2026-03-13T00:14:56","guid":{"rendered":"https:\/\/radioterrafm.com\/site\/2026\/03\/12\/fornecedores-de-cana-da-raizen-cautelosos-frente-a-reestruturacao-bilionaria\/"},"modified":"2026-03-12T21:14:56","modified_gmt":"2026-03-13T00:14:56","slug":"fornecedores-de-cana-da-raizen-cautelosos-frente-a-reestruturacao-bilionaria","status":"publish","type":"post","link":"https:\/\/radioterrafm.com\/site\/2026\/03\/12\/fornecedores-de-cana-da-raizen-cautelosos-frente-a-reestruturacao-bilionaria\/","title":{"rendered":"Fornecedores de Cana da Ra\u00edzen Cautelosos Frente \u00e0 Reestrutura\u00e7\u00e3o Bilion\u00e1ria"},"content":{"rendered":"<p>A Ra\u00edzen, gigante controlada por Cosan e Shell e a maior processadora de cana-de-a\u00e7\u00facar do Brasil, protocolou na \u00faltima ter\u00e7a-feira (10\/3) um pedido de recupera\u00e7\u00e3o extrajudicial. A iniciativa visa reestruturar uma d\u00edvida que atinge a cifra de R$ 65 bilh\u00f5es, gerando imediata preocupa\u00e7\u00e3o e cautela entre os seus 1,1 mil fornecedores de cana, conforme relatado por Jos\u00e9 Guilherme Nogueira, presidente da Orplana, ao Valor. A empresa, fundamental para a produ\u00e7\u00e3o de energia renov\u00e1vel, a\u00e7\u00facar e etanol no pa\u00eds, processou 70 milh\u00f5es de toneladas de mat\u00e9ria-prima nesta safra, com os fornecedores respondendo por cerca de metade desse volume.<\/p>\n<p>A not\u00edcia, embora preocupante, inicialmente trouxe um certo al\u00edvio por indicar que a empresa busca uma solu\u00e7\u00e3o para preservar seu relacionamento com os produtores. Contudo, a apreens\u00e3o persiste, especialmente entre os fornecedores que operam sem contratos de longo prazo, no mercado f\u00edsico. Eles avaliam cuidadosamente a continuidade do relacionamento com a Ra\u00edzen para a pr\u00f3xima safra (2026\/27), que se inicia em abril, temendo que a falta de progresso nas negocia\u00e7\u00f5es financeiras possa empurrar a companhia para uma recupera\u00e7\u00e3o judicial, colocando-os como credores e atrasando pagamentos.<\/p>\n<p>As negocia\u00e7\u00f5es de contratos de fornecimento tamb\u00e9m se tornaram um ponto de atrito. H\u00e1 produtores que preferem adiar renova\u00e7\u00f5es, aguardando um cen\u00e1rio mais claro. Em regi\u00f5es com usinas alternativas, fornecedores sem contrato podem buscar outros compradores para sua cana. No entanto, em locais onde a Ra\u00edzen \u00e9 a \u00fanica op\u00e7\u00e3o industrial, a incerteza \u00e9 ainda maior. A empresa, embora n\u00e3o detalhe suas compras no mercado spot, estimava-se que at\u00e9 dois anos atr\u00e1s adquiria mais de 10 milh\u00f5es de toneladas de cana sem contrato.<\/p>\n<p>Em contato com associa\u00e7\u00f5es de produtores, a Ra\u00edzen tem procurado tranquilizar o mercado, afirmando possuir um caixa de R$ 17 bilh\u00f5es, suficiente para garantir o pagamento da cana necess\u00e1ria na pr\u00f3xima safra. A companhia tamb\u00e9m sinaliza planos de reduzir sua moagem de cana para 50 milh\u00f5es de toneladas e aumentar a parcela de mat\u00e9ria-prima adquirida de fornecedores. Paralelamente, fornecedores de etanol \u00e0 Ra\u00edzen tamb\u00e9m mostram apreens\u00e3o, buscando prazos de pagamento mais curtos ou diversificando suas vendas para outras distribuidoras, em um cen\u00e1rio de pre\u00e7os de a\u00e7\u00facar pressionados, mas com a perspectiva de alta do etanol.<\/p>\n<p>Para mitigar a situa\u00e7\u00e3o, a Shell j\u00e1 se comprometeu com um aporte de R$ 3,5 bilh\u00f5es na Ra\u00edzen, e o empres\u00e1rio Rubens Ometto injetar\u00e1 R$ 500 milh\u00f5es. Apesar da Cosan, co-controladora, n\u00e3o ter anunciado inje\u00e7\u00e3o de capital, analistas do setor observam que uma eventual alta no pre\u00e7o da gasolina, repassando o custo do petr\u00f3leo, poderia elevar o pre\u00e7o do etanol em R$ 0,60 por litro, potencialmente adicionando R$ 5 bilh\u00f5es ao faturamento da Ra\u00edzen e oferecendo um f\u00f4lego financeiro para a empresa e o setor como um todo.<\/p>\n<p><small>Fonte: Agro Noticia<\/small><\/p>\n","protected":false},"excerpt":{"rendered":"<p>Fornecedores de cana da Ra\u00edzen demonstram cautela ap\u00f3s o pedido de recupera\u00e7\u00e3o extrajudicial da gigante sucroenerg\u00e9tica, temendo impactos em pagamentos e contratos futuros.<\/p>\n","protected":false},"author":2,"featured_media":9467,"comment_status":"open","ping_status":"open","sticky":false,"template":"","format":"standard","meta":{"pagelayer_contact_templates":[],"_pagelayer_content":"","_jetpack_memberships_contains_paid_content":false,"footnotes":"","jetpack_publicize_message":"","jetpack_publicize_feature_enabled":true,"jetpack_social_post_already_shared":true,"jetpack_social_options":{"image_generator_settings":{"template":"highway","default_image_id":0,"font":"","enabled":false},"version":2}},"categories":[3],"tags":[128,253,251,252],"class_list":["post-9468","post","type-post","status-publish","format-standard","has-post-thumbnail","hentry","category-geral","tag-agronegocio","tag-fornecedores-de-cana","tag-raizen","tag-recuperacao-extrajudicial"],"jetpack_publicize_connections":[],"jetpack_featured_media_url":"https:\/\/radioterrafm.com\/site\/wp-content\/uploads\/2026\/03\/news-1773360896.jpg","jetpack_sharing_enabled":true,"_links":{"self":[{"href":"https:\/\/radioterrafm.com\/site\/wp-json\/wp\/v2\/posts\/9468","targetHints":{"allow":["GET"]}}],"collection":[{"href":"https:\/\/radioterrafm.com\/site\/wp-json\/wp\/v2\/posts"}],"about":[{"href":"https:\/\/radioterrafm.com\/site\/wp-json\/wp\/v2\/types\/post"}],"author":[{"embeddable":true,"href":"https:\/\/radioterrafm.com\/site\/wp-json\/wp\/v2\/users\/2"}],"replies":[{"embeddable":true,"href":"https:\/\/radioterrafm.com\/site\/wp-json\/wp\/v2\/comments?post=9468"}],"version-history":[{"count":0,"href":"https:\/\/radioterrafm.com\/site\/wp-json\/wp\/v2\/posts\/9468\/revisions"}],"wp:featuredmedia":[{"embeddable":true,"href":"https:\/\/radioterrafm.com\/site\/wp-json\/wp\/v2\/media\/9467"}],"wp:attachment":[{"href":"https:\/\/radioterrafm.com\/site\/wp-json\/wp\/v2\/media?parent=9468"}],"wp:term":[{"taxonomy":"category","embeddable":true,"href":"https:\/\/radioterrafm.com\/site\/wp-json\/wp\/v2\/categories?post=9468"},{"taxonomy":"post_tag","embeddable":true,"href":"https:\/\/radioterrafm.com\/site\/wp-json\/wp\/v2\/tags?post=9468"}],"curies":[{"name":"wp","href":"https:\/\/api.w.org\/{rel}","templated":true}]}}