{"id":9452,"date":"2026-03-12T19:41:18","date_gmt":"2026-03-12T22:41:18","guid":{"rendered":"https:\/\/radioterrafm.com\/site\/2026\/03\/12\/gusttavo-lima-e-wesley-safadao-rumores-de-desentendimento-agitam-o-mundo-sertanejo\/"},"modified":"2026-03-12T19:41:18","modified_gmt":"2026-03-12T22:41:18","slug":"gusttavo-lima-e-wesley-safadao-rumores-de-desentendimento-agitam-o-mundo-sertanejo","status":"publish","type":"post","link":"https:\/\/radioterrafm.com\/site\/2026\/03\/12\/gusttavo-lima-e-wesley-safadao-rumores-de-desentendimento-agitam-o-mundo-sertanejo\/","title":{"rendered":"Gusttavo Lima e Wesley Safad\u00e3o: Rumores de Desentendimento Agitam o Mundo Sertanejo"},"content":{"rendered":"<p>O cen\u00e1rio da m\u00fasica sertaneja foi agitado por rumores de um poss\u00edvel desentendimento entre dois de seus maiores expoentes, Gusttavo Lima e Wesley Safad\u00e3o. A movimenta\u00e7\u00e3o teve in\u00edcio com a percep\u00e7\u00e3o de f\u00e3s atentos, que notaram uma s\u00e9rie de a\u00e7\u00f5es digitais por parte de Gusttavo Lima, indicando um afastamento de seu colega de profiss\u00e3o.<\/p>\n<p>Entre as a\u00e7\u00f5es que chamaram a aten\u00e7\u00e3o, Gusttavo Lima deixou de seguir Wesley Safad\u00e3o em suas redes sociais, notadamente no Instagram. Al\u00e9m disso, foram removidas do canal oficial do &#8220;Embaixador&#8221; no YouTube todas as m\u00fasicas que contavam com a participa\u00e7\u00e3o de Safad\u00e3o. A lista de unfollows incluiu tamb\u00e9m Natanzinho Lima, o que adicionou mais lenha \u00e0 fogueira das especula\u00e7\u00f5es sobre rupturas profissionais e pessoais.<\/p>\n<p>A aus\u00eancia de intera\u00e7\u00e3o digital e a retirada estrat\u00e9gica de conte\u00fados colaborativos geraram um burburinho consider\u00e1vel entre os admiradores dos artistas. Contudo, \u00e9 not\u00e1vel que Wesley Safad\u00e3o e Natanzinho Lima ainda mant\u00eam Gusttavo Lima entre seus seguidos, o que adiciona uma camada de mist\u00e9rio \u00e0 situa\u00e7\u00e3o, que at\u00e9 o momento n\u00e3o possui uma explica\u00e7\u00e3o oficial por parte do &#8220;Embaixador&#8221;.<\/p>\n<p>Diante da repercuss\u00e3o, a coluna do Metr\u00f3poles buscou contato com as assessorias de ambos os cantores para esclarecer os fatos. A equipe de Gusttavo Lima informou que n\u00e3o disp\u00f5e de informa\u00e7\u00f5es sobre o assunto. J\u00e1 a assessoria de Wesley Safad\u00e3o revelou que o artista est\u00e1 em viagem internacional e que tamb\u00e9m est\u00e3o em processo de tentar contat\u00e1-lo para compreender a suposta briga, deixando o espa\u00e7o em aberto para futuras declara\u00e7\u00f5es.<\/p>\n<p><small>Fonte: Mundo Sertanejo<\/small><\/p>\n","protected":false},"excerpt":{"rendered":"<p>Rumores de um poss\u00edvel desentendimento entre Gusttavo Lima e Wesley Safad\u00e3o surgem ap\u00f3s movimenta\u00e7\u00f5es nas redes sociais e exclus\u00e3o de conte\u00fados. Entenda o que est\u00e1 acontecendo no cen\u00e1rio sertanejo.<\/p>\n","protected":false},"author":2,"featured_media":9451,"comment_status":"open","ping_status":"open","sticky":false,"template":"","format":"standard","meta":{"pagelayer_contact_templates":[],"_pagelayer_content":"","_jetpack_memberships_contains_paid_content":false,"footnotes":"","jetpack_publicize_message":"","jetpack_publicize_feature_enabled":true,"jetpack_social_post_already_shared":true,"jetpack_social_options":{"image_generator_settings":{"template":"highway","default_image_id":0,"font":"","enabled":false},"version":2}},"categories":[2],"tags":[190,79,229,191],"class_list":["post-9452","post","type-post","status-publish","format-standard","has-post-thumbnail","hentry","category-curiosidades","tag-gusttavo-lima","tag-nomesdossertanejos","tag-treta","tag-wesley-safadao"],"jetpack_publicize_connections":[],"jetpack_featured_media_url":"https:\/\/radioterrafm.com\/site\/wp-content\/uploads\/2026\/03\/news-1773355276.webp","jetpack_sharing_enabled":true,"_links":{"self":[{"href":"https:\/\/radioterrafm.com\/site\/wp-json\/wp\/v2\/posts\/9452","targetHints":{"allow":["GET"]}}],"collection":[{"href":"https:\/\/radioterrafm.com\/site\/wp-json\/wp\/v2\/posts"}],"about":[{"href":"https:\/\/radioterrafm.com\/site\/wp-json\/wp\/v2\/types\/post"}],"author":[{"embeddable":true,"href":"https:\/\/radioterrafm.com\/site\/wp-json\/wp\/v2\/users\/2"}],"replies":[{"embeddable":true,"href":"https:\/\/radioterrafm.com\/site\/wp-json\/wp\/v2\/comments?post=9452"}],"version-history":[{"count":0,"href":"https:\/\/radioterrafm.com\/site\/wp-json\/wp\/v2\/posts\/9452\/revisions"}],"wp:featuredmedia":[{"embeddable":true,"href":"https:\/\/radioterrafm.com\/site\/wp-json\/wp\/v2\/media\/9451"}],"wp:attachment":[{"href":"https:\/\/radioterrafm.com\/site\/wp-json\/wp\/v2\/media?parent=9452"}],"wp:term":[{"taxonomy":"category","embeddable":true,"href":"https:\/\/radioterrafm.com\/site\/wp-json\/wp\/v2\/categories?post=9452"},{"taxonomy":"post_tag","embeddable":true,"href":"https:\/\/radioterrafm.com\/site\/wp-json\/wp\/v2\/tags?post=9452"}],"curies":[{"name":"wp","href":"https:\/\/api.w.org\/{rel}","templated":true}]}}