{"id":9446,"date":"2026-03-12T19:36:45","date_gmt":"2026-03-12T22:36:45","guid":{"rendered":"https:\/\/radioterrafm.com\/site\/2026\/03\/12\/sebrae-lanca-cartilha-gratuita-com-dicas-para-criacao-de-camarao\/"},"modified":"2026-03-12T19:36:45","modified_gmt":"2026-03-12T22:36:45","slug":"sebrae-lanca-cartilha-gratuita-com-dicas-para-criacao-de-camarao","status":"publish","type":"post","link":"https:\/\/radioterrafm.com\/site\/2026\/03\/12\/sebrae-lanca-cartilha-gratuita-com-dicas-para-criacao-de-camarao\/","title":{"rendered":"Sebrae Lan\u00e7a Cartilha Gratuita com Dicas para Cria\u00e7\u00e3o de Camar\u00e3o"},"content":{"rendered":"<p>O Servi\u00e7o Brasileiro de Apoio \u00e0s Micro e Pequenas Empresas (Sebrae) disponibiliza um recurso valioso para aqueles interessados em ingressar no setor da carcinicultura. Trata-se de uma cartilha digital gratuita que oferece as orienta\u00e7\u00f5es b\u00e1sicas necess\u00e1rias para iniciar a atividade de cria\u00e7\u00e3o de camar\u00e3o em viveiros, fornecendo um ponto de partida s\u00f3lido para novos empreendedores.<\/p>\n<p>Destinada a empreendedores e iniciantes, a publica\u00e7\u00e3o aborda desde as etapas fundamentais para a produ\u00e7\u00e3o em viveiros at\u00e9 a explana\u00e7\u00e3o de t\u00e9cnicas eficazes de manejo. Al\u00e9m disso, a cartilha enriquece o conte\u00fado com curiosidades sobre o camar\u00e3o, proporcionando uma vis\u00e3o abrangente e pr\u00e1tica para o sucesso do empreendimento na aquicultura.<\/p>\n<p>A iniciativa do Sebrae visa democratizar o acesso \u00e0 informa\u00e7\u00e3o qualificada, removendo barreiras para quem busca investir na cria\u00e7\u00e3o de camar\u00e3o, mas n\u00e3o sabe por onde come\u00e7ar. Com um material simples, did\u00e1tico e acess\u00edvel, a institui\u00e7\u00e3o refor\u00e7a seu compromisso com o desenvolvimento e a capacita\u00e7\u00e3o de micro e pequenas empresas no pa\u00eds, impulsionando o setor.<\/p>\n<p><small>Fonte: Globo Rural<\/small><\/p>\n","protected":false},"excerpt":{"rendered":"<p>Descubra as melhores pr\u00e1ticas para iniciar a cria\u00e7\u00e3o de camar\u00e3o com a cartilha digital e gratuita do Sebrae, que detalha t\u00e9cnicas de manejo e dicas essenciais para viveiros.<\/p>\n","protected":false},"author":2,"featured_media":9445,"comment_status":"open","ping_status":"open","sticky":false,"template":"","format":"standard","meta":{"pagelayer_contact_templates":[],"_pagelayer_content":"","_jetpack_memberships_contains_paid_content":false,"footnotes":"","jetpack_publicize_message":"","jetpack_publicize_feature_enabled":true,"jetpack_social_post_already_shared":true,"jetpack_social_options":{"image_generator_settings":{"template":"highway","default_image_id":0,"font":"","enabled":false},"version":2}},"categories":[2],"tags":[224,222,223,225],"class_list":["post-9446","post","type-post","status-publish","format-standard","has-post-thumbnail","hentry","category-curiosidades","tag-aquicultura","tag-criacao-de-camarao","tag-sebrae","tag-viveiros"],"jetpack_publicize_connections":[],"jetpack_featured_media_url":"https:\/\/radioterrafm.com\/site\/wp-content\/uploads\/2026\/03\/news-1773354972-scaled.jpg","jetpack_sharing_enabled":true,"_links":{"self":[{"href":"https:\/\/radioterrafm.com\/site\/wp-json\/wp\/v2\/posts\/9446","targetHints":{"allow":["GET"]}}],"collection":[{"href":"https:\/\/radioterrafm.com\/site\/wp-json\/wp\/v2\/posts"}],"about":[{"href":"https:\/\/radioterrafm.com\/site\/wp-json\/wp\/v2\/types\/post"}],"author":[{"embeddable":true,"href":"https:\/\/radioterrafm.com\/site\/wp-json\/wp\/v2\/users\/2"}],"replies":[{"embeddable":true,"href":"https:\/\/radioterrafm.com\/site\/wp-json\/wp\/v2\/comments?post=9446"}],"version-history":[{"count":0,"href":"https:\/\/radioterrafm.com\/site\/wp-json\/wp\/v2\/posts\/9446\/revisions"}],"wp:featuredmedia":[{"embeddable":true,"href":"https:\/\/radioterrafm.com\/site\/wp-json\/wp\/v2\/media\/9445"}],"wp:attachment":[{"href":"https:\/\/radioterrafm.com\/site\/wp-json\/wp\/v2\/media?parent=9446"}],"wp:term":[{"taxonomy":"category","embeddable":true,"href":"https:\/\/radioterrafm.com\/site\/wp-json\/wp\/v2\/categories?post=9446"},{"taxonomy":"post_tag","embeddable":true,"href":"https:\/\/radioterrafm.com\/site\/wp-json\/wp\/v2\/tags?post=9446"}],"curies":[{"name":"wp","href":"https:\/\/api.w.org\/{rel}","templated":true}]}}