{"id":9439,"date":"2026-03-12T16:18:24","date_gmt":"2026-03-12T19:18:24","guid":{"rendered":"https:\/\/radioterrafm.com\/site\/2026\/03\/12\/wesley-safadao-se-manifesta-sobre-suposto-conflito-com-gusttavo-lima\/"},"modified":"2026-03-12T16:18:24","modified_gmt":"2026-03-12T19:18:24","slug":"wesley-safadao-se-manifesta-sobre-suposto-conflito-com-gusttavo-lima","status":"publish","type":"post","link":"https:\/\/radioterrafm.com\/site\/2026\/03\/12\/wesley-safadao-se-manifesta-sobre-suposto-conflito-com-gusttavo-lima\/","title":{"rendered":"Wesley Safad\u00e3o Se Manifesta Sobre Suposto Conflito com Gusttavo Lima"},"content":{"rendered":"<p>O cen\u00e1rio musical brasileiro tem sido palco de crescentes especula\u00e7\u00f5es sobre um suposto desentendimento entre dois dos seus maiores nomes, Wesley Safad\u00e3o e Gusttavo Lima. Os rumores, que circulavam entre os f\u00e3s, ganharam for\u00e7a ap\u00f3s uma s\u00e9rie de acontecimentos que sugerem um atrito nos bastidores. A situa\u00e7\u00e3o se intensificou recentemente, com Wesley Safad\u00e3o se manifestando publicamente para contestar a vers\u00e3o divulgada.<\/p>\n<p>O in\u00edcio da suposta desaven\u00e7a foi marcado por a\u00e7\u00f5es discretas de Gusttavo Lima nas redes sociais, que inclu\u00edram deixar de seguir Wesley Safad\u00e3o no Instagram e remover de plataformas como o YouTube m\u00fasicas que ambos haviam lan\u00e7ado em colabora\u00e7\u00e3o. Posteriormente, informa\u00e7\u00f5es veiculadas pelo colunista Leo Dias apontaram que o motivo do conflito estaria relacionado a um desacordo no agenciamento do cantor Natanzinho Lima. Segundo a publica\u00e7\u00e3o, Safad\u00e3o e Gusttavo teriam planejado uma parceria para gerenciar a carreira do artista, mas o acordo n\u00e3o teria sido concretizado ap\u00f3s a desist\u00eancia de Safad\u00e3o, o que teria gerado insatisfa\u00e7\u00e3o em Gusttavo.<\/p>\n<p>Contrariando a narrativa apresentada, Wesley Safad\u00e3o utilizou suas redes sociais para refutar a vers\u00e3o de Leo Dias. Em uma postagem, o cantor negou a ocorr\u00eancia dos fatos conforme descritos e chegou a sugerir um poss\u00edvel &#8220;embate&#8221; direto com Gusttavo Lima para esclarecer a situa\u00e7\u00e3o, indicando que novos desdobramentos podem surgir nos pr\u00f3ximos dias e que a quest\u00e3o ainda n\u00e3o est\u00e1 totalmente resolvida.<\/p>\n<p>Diante da repercuss\u00e3o, a coluna do Metr\u00f3poles buscou contato com as assessorias de ambos os artistas para obter um posicionamento oficial. A equipe de Gusttavo Lima informou que, at\u00e9 o momento, n\u00e3o disp\u00f5e de informa\u00e7\u00f5es sobre o assunto. J\u00e1 a assessoria de Wesley Safad\u00e3o esclareceu que o cantor encontra-se em viagem internacional e que tamb\u00e9m est\u00e1 em busca de contato com ele para compreender os detalhes do suposto atrito, mantendo o espa\u00e7o em aberto para futuras declara\u00e7\u00f5es.<\/p>\n<p><small>Fonte: Mundo Sertanejo<\/small><\/p>\n","protected":false},"excerpt":{"rendered":"<p>Rumores de um desentendimento entre Wesley Safad\u00e3o e Gusttavo Lima ganham novos contornos, com o cantor de forr\u00f3 refutando a vers\u00e3o inicial do caso. Acompanhe os detalhes.<\/p>\n","protected":false},"author":2,"featured_media":9438,"comment_status":"open","ping_status":"open","sticky":false,"template":"","format":"standard","meta":{"pagelayer_contact_templates":[],"_pagelayer_content":"","_jetpack_memberships_contains_paid_content":false,"footnotes":"","jetpack_publicize_message":"","jetpack_publicize_feature_enabled":true,"jetpack_social_post_already_shared":false,"jetpack_social_options":{"image_generator_settings":{"template":"highway","default_image_id":0,"font":"","enabled":false},"version":2}},"categories":[2],"tags":[214,190,192,191],"class_list":["post-9439","post","type-post","status-publish","format-standard","has-post-thumbnail","hentry","category-curiosidades","tag-entretenimento","tag-gusttavo-lima","tag-musica-sertaneja","tag-wesley-safadao"],"jetpack_publicize_connections":[],"jetpack_featured_media_url":"https:\/\/radioterrafm.com\/site\/wp-content\/uploads\/2026\/03\/news-1773343104.webp","jetpack_sharing_enabled":true,"_links":{"self":[{"href":"https:\/\/radioterrafm.com\/site\/wp-json\/wp\/v2\/posts\/9439","targetHints":{"allow":["GET"]}}],"collection":[{"href":"https:\/\/radioterrafm.com\/site\/wp-json\/wp\/v2\/posts"}],"about":[{"href":"https:\/\/radioterrafm.com\/site\/wp-json\/wp\/v2\/types\/post"}],"author":[{"embeddable":true,"href":"https:\/\/radioterrafm.com\/site\/wp-json\/wp\/v2\/users\/2"}],"replies":[{"embeddable":true,"href":"https:\/\/radioterrafm.com\/site\/wp-json\/wp\/v2\/comments?post=9439"}],"version-history":[{"count":0,"href":"https:\/\/radioterrafm.com\/site\/wp-json\/wp\/v2\/posts\/9439\/revisions"}],"wp:featuredmedia":[{"embeddable":true,"href":"https:\/\/radioterrafm.com\/site\/wp-json\/wp\/v2\/media\/9438"}],"wp:attachment":[{"href":"https:\/\/radioterrafm.com\/site\/wp-json\/wp\/v2\/media?parent=9439"}],"wp:term":[{"taxonomy":"category","embeddable":true,"href":"https:\/\/radioterrafm.com\/site\/wp-json\/wp\/v2\/categories?post=9439"},{"taxonomy":"post_tag","embeddable":true,"href":"https:\/\/radioterrafm.com\/site\/wp-json\/wp\/v2\/tags?post=9439"}],"curies":[{"name":"wp","href":"https:\/\/api.w.org\/{rel}","templated":true}]}}