{"id":9429,"date":"2026-03-12T15:50:20","date_gmt":"2026-03-12T18:50:20","guid":{"rendered":"https:\/\/radioterrafm.com\/site\/2026\/03\/12\/iniciativa-na-italia-permite-acesso-tatil-a-obras-primas-para-deficientes-visuais\/"},"modified":"2026-03-12T15:50:20","modified_gmt":"2026-03-12T18:50:20","slug":"iniciativa-na-italia-permite-acesso-tatil-a-obras-primas-para-deficientes-visuais","status":"publish","type":"post","link":"https:\/\/radioterrafm.com\/site\/2026\/03\/12\/iniciativa-na-italia-permite-acesso-tatil-a-obras-primas-para-deficientes-visuais\/","title":{"rendered":"Iniciativa na It\u00e1lia Permite Acesso T\u00e1til a Obras-Primas para Deficientes Visuais"},"content":{"rendered":"<p>O Museu da Capela de Sansevero, localizado em N\u00e1poles, na It\u00e1lia, implementar\u00e1 uma iniciativa pioneira que permitir\u00e1 a visitantes com defici\u00eancia visual a explora\u00e7\u00e3o t\u00e1til de suas renomadas esculturas de m\u00e1rmore. Esta rara visita guiada tem como objetivo principal tornar a arte acess\u00edvel, proporcionando uma experi\u00eancia imersiva atrav\u00e9s do toque, com destaque para a ic\u00f4nica obra \u201cCristo Velado\u201d.<\/p>\n<p>Intitulada \u201cLa meraviglia a portata di mano\u201d (Maravilha ao alcance da m\u00e3o), a a\u00e7\u00e3o est\u00e1 agendada para 17 de mar\u00e7o e \u00e9 fruto de uma colabora\u00e7\u00e3o com a Uni\u00e3o Italiana de Cegos e Deficientes Visuais de N\u00e1poles. A expectativa \u00e9 atender cerca de 80 participantes, que ser\u00e3o conduzidos por guias igualmente deficientes visuais. Os visitantes utilizar\u00e3o luvas de l\u00e1tex para interagir diretamente com as obras, cujas barreiras protetoras ser\u00e3o removidas especialmente para esta ocasi\u00e3o, conforme informado pelo The Guardian.<\/p>\n<p>O percurso t\u00e1til abranger\u00e1 o c\u00e9lebre \u201cCristo Velado\u201d de Giuseppe Sanmartino, uma escultura de 1753 not\u00e1vel pelo sud\u00e1rio aparentemente transl\u00facido, esculpido do mesmo bloco de m\u00e1rmore do corpo de Jesus. A guia Chiara Locovardi descreveu o v\u00e9u como extraordin\u00e1rio, afirmando \u00e0 ag\u00eancia ANSA que &#8220;Ao toc\u00e1-lo, voc\u00ea pode sentir as veias pulsando por baixo&#8221;. Al\u00e9m do \u201cCristo Velado\u201d, a experi\u00eancia incluir\u00e1 os relevos das esculturas \u201cLa Pudicizia\u201d e \u201cIl Disinganno\u201d.<\/p>\n<p>A presidente do Museu da Capela Sansevero, Maria Alessandra Masucci, ressaltou que esta iniciativa faz parte de um plano mais abrangente para fomentar um ambiente cultural inclusivo. Giuseppe Ambrosino, da Uni\u00e3o Italiana de Cegos e Deficientes Visuais, reiterou a import\u00e2ncia do projeto, defendendo que &#8220;a arte n\u00e3o deve ser um privil\u00e9gio reservado \u00e0 vis\u00e3o&#8221; e que \u201cprojetos de acessibilidade como este transformam um museu em um lugar de verdadeira inclus\u00e3o, afirmando que a arte pertence a todos\u201d.<\/p>\n<p><small>Fonte: Aventuras na Hist\u00f3ria<\/small><\/p>\n","protected":false},"excerpt":{"rendered":"<p>O Museu da Capela de Sansevero, em N\u00e1poles, inova ao oferecer uma experi\u00eancia t\u00e1til exclusiva, democratizando o acesso \u00e0 arte para pessoas com defici\u00eancia visual.<\/p>\n","protected":false},"author":2,"featured_media":9428,"comment_status":"open","ping_status":"open","sticky":false,"template":"","format":"standard","meta":{"pagelayer_contact_templates":[],"_pagelayer_content":"","_jetpack_memberships_contains_paid_content":false,"footnotes":"","jetpack_publicize_message":"","jetpack_publicize_feature_enabled":true,"jetpack_social_post_already_shared":false,"jetpack_social_options":{"image_generator_settings":{"template":"highway","default_image_id":0,"font":"","enabled":false},"version":2}},"categories":[2],"tags":[197,199,198,200],"class_list":["post-9429","post","type-post","status-publish","format-standard","has-post-thumbnail","hentry","category-curiosidades","tag-acessibilidade","tag-arte-tatil","tag-museu","tag-napoles"],"jetpack_publicize_connections":[],"jetpack_featured_media_url":"https:\/\/radioterrafm.com\/site\/wp-content\/uploads\/2026\/03\/news-1773341420.jpg","jetpack_sharing_enabled":true,"_links":{"self":[{"href":"https:\/\/radioterrafm.com\/site\/wp-json\/wp\/v2\/posts\/9429","targetHints":{"allow":["GET"]}}],"collection":[{"href":"https:\/\/radioterrafm.com\/site\/wp-json\/wp\/v2\/posts"}],"about":[{"href":"https:\/\/radioterrafm.com\/site\/wp-json\/wp\/v2\/types\/post"}],"author":[{"embeddable":true,"href":"https:\/\/radioterrafm.com\/site\/wp-json\/wp\/v2\/users\/2"}],"replies":[{"embeddable":true,"href":"https:\/\/radioterrafm.com\/site\/wp-json\/wp\/v2\/comments?post=9429"}],"version-history":[{"count":0,"href":"https:\/\/radioterrafm.com\/site\/wp-json\/wp\/v2\/posts\/9429\/revisions"}],"wp:featuredmedia":[{"embeddable":true,"href":"https:\/\/radioterrafm.com\/site\/wp-json\/wp\/v2\/media\/9428"}],"wp:attachment":[{"href":"https:\/\/radioterrafm.com\/site\/wp-json\/wp\/v2\/media?parent=9429"}],"wp:term":[{"taxonomy":"category","embeddable":true,"href":"https:\/\/radioterrafm.com\/site\/wp-json\/wp\/v2\/categories?post=9429"},{"taxonomy":"post_tag","embeddable":true,"href":"https:\/\/radioterrafm.com\/site\/wp-json\/wp\/v2\/tags?post=9429"}],"curies":[{"name":"wp","href":"https:\/\/api.w.org\/{rel}","templated":true}]}}