{"id":9426,"date":"2026-03-11T14:25:35","date_gmt":"2026-03-11T17:25:35","guid":{"rendered":"https:\/\/radioterrafm.com\/site\/2026\/03\/11\/ira-anuncia-desistencia-da-copa-do-mundo-de-2026-em-meio-a-escalada-de-tensoes-regionais\/"},"modified":"2026-03-11T14:25:35","modified_gmt":"2026-03-11T17:25:35","slug":"ira-anuncia-desistencia-da-copa-do-mundo-de-2026-em-meio-a-escalada-de-tensoes-regionais","status":"publish","type":"post","link":"https:\/\/radioterrafm.com\/site\/2026\/03\/11\/ira-anuncia-desistencia-da-copa-do-mundo-de-2026-em-meio-a-escalada-de-tensoes-regionais\/","title":{"rendered":"Ir\u00e3 Anuncia Desist\u00eancia da Copa do Mundo de 2026 em Meio \u00e0 Escalada de Tens\u00f5es Regionais"},"content":{"rendered":"<p>O governo do Ir\u00e3 comunicou oficialmente nesta quarta-feira, 11 de dezembro, a desist\u00eancia de sua sele\u00e7\u00e3o nacional de futebol da Copa do Mundo de 2026. A decis\u00e3o, anunciada pelo ministro do Esporte iraniano, Ahmad Donyamali, em entrevista \u00e0 televis\u00e3o estatal, \u00e9 atribu\u00edda diretamente \u00e0 escalada do conflito militar no Oriente M\u00e9dio, tornando \u201csob nenhuma circunst\u00e2ncia\u201d a participa\u00e7\u00e3o do pa\u00eds no torneio.<\/p>\n<p>A medida dr\u00e1stica \u00e9 justificada por Teer\u00e3, que atribui a decis\u00e3o a recentes ataques militares conduzidos por Estados Unidos e Israel contra o territ\u00f3rio iraniano. Segundo o governo, as ofensivas resultaram na morte do l\u00edder supremo do Ir\u00e3, aiatol\u00e1 Ali Khamenei, desencadeando uma escalada do conflito na regi\u00e3o. Tal cen\u00e1rio, para as autoridades iranianas, torna invi\u00e1vel a participa\u00e7\u00e3o em um evento esportivo que ter\u00e1 os pr\u00f3prios Estados Unidos como um dos pa\u00edses anfitri\u00f5es.<\/p>\n<p>A Copa do Mundo de 2026 est\u00e1 programada para ocorrer entre 11 de junho e 19 de julho, sendo coorganizada por Estados Unidos, Canad\u00e1 e M\u00e9xico. Esta edi\u00e7\u00e3o ser\u00e1 a primeira a contar com 48 sele\u00e7\u00f5es participantes. O Ir\u00e3 j\u00e1 havia assegurado sua vaga no Mundial atrav\u00e9s das eliminat\u00f3rias asi\u00e1ticas e estava alocado no Grupo G, junto a B\u00e9lgica, Egito e Nova Zel\u00e2ndia, com partidas programadas para cidades norte-americanas como Los Angeles e Seattle.<\/p>\n<p>Apesar do an\u00fancio veiculado pelo governo iraniano, a Federa\u00e7\u00e3o Internacional de Futebol (FIFA) ainda n\u00e3o recebeu uma notifica\u00e7\u00e3o formal que confirme a retirada da sele\u00e7\u00e3o. A entidade m\u00e1xima do futebol mundial acompanha atentamente a situa\u00e7\u00e3o e dever\u00e1 avaliar as ramifica\u00e7\u00f5es caso a desist\u00eancia seja oficializada. O regulamento da FIFA prev\u00ea san\u00e7\u00f5es para equipes que se retiram ap\u00f3s a classifica\u00e7\u00e3o, que podem incluir multas e a suspens\u00e3o de futuras competi\u00e7\u00f5es. Adicionalmente, a entidade precisaria determinar qual sele\u00e7\u00e3o ocuparia a vaga deixada pelo Ir\u00e3.<\/p>\n<p><small>Fonte: Aventuras na Hist\u00f3ria<\/small><\/p>\n","protected":false},"excerpt":{"rendered":"<p>Em decis\u00e3o sem precedentes, o Ir\u00e3 retira sua sele\u00e7\u00e3o da Copa do Mundo de 2026, citando agravamento de conflito militar no Oriente M\u00e9dio e ataques. A FIFA ainda n\u00e3o foi notificada oficialmente.<\/p>\n","protected":false},"author":2,"featured_media":9425,"comment_status":"open","ping_status":"open","sticky":false,"template":"","format":"standard","meta":{"pagelayer_contact_templates":[],"_pagelayer_content":"","_jetpack_memberships_contains_paid_content":false,"footnotes":"","jetpack_publicize_message":"","jetpack_publicize_feature_enabled":true,"jetpack_social_post_already_shared":false,"jetpack_social_options":{"image_generator_settings":{"template":"highway","default_image_id":0,"font":"","enabled":false},"version":2}},"categories":[2],"tags":[196,194,149,195],"class_list":["post-9426","post","type-post","status-publish","format-standard","has-post-thumbnail","hentry","category-curiosidades","tag-conflito-oriente-medio","tag-copa-do-mundo-2026","tag-cultura-brasileira","tag-futebol"],"jetpack_publicize_connections":[],"jetpack_featured_media_url":"https:\/\/radioterrafm.com\/site\/wp-content\/uploads\/2026\/03\/news-1773249935.jpg","jetpack_sharing_enabled":true,"_links":{"self":[{"href":"https:\/\/radioterrafm.com\/site\/wp-json\/wp\/v2\/posts\/9426","targetHints":{"allow":["GET"]}}],"collection":[{"href":"https:\/\/radioterrafm.com\/site\/wp-json\/wp\/v2\/posts"}],"about":[{"href":"https:\/\/radioterrafm.com\/site\/wp-json\/wp\/v2\/types\/post"}],"author":[{"embeddable":true,"href":"https:\/\/radioterrafm.com\/site\/wp-json\/wp\/v2\/users\/2"}],"replies":[{"embeddable":true,"href":"https:\/\/radioterrafm.com\/site\/wp-json\/wp\/v2\/comments?post=9426"}],"version-history":[{"count":0,"href":"https:\/\/radioterrafm.com\/site\/wp-json\/wp\/v2\/posts\/9426\/revisions"}],"wp:featuredmedia":[{"embeddable":true,"href":"https:\/\/radioterrafm.com\/site\/wp-json\/wp\/v2\/media\/9425"}],"wp:attachment":[{"href":"https:\/\/radioterrafm.com\/site\/wp-json\/wp\/v2\/media?parent=9426"}],"wp:term":[{"taxonomy":"category","embeddable":true,"href":"https:\/\/radioterrafm.com\/site\/wp-json\/wp\/v2\/categories?post=9426"},{"taxonomy":"post_tag","embeddable":true,"href":"https:\/\/radioterrafm.com\/site\/wp-json\/wp\/v2\/tags?post=9426"}],"curies":[{"name":"wp","href":"https:\/\/api.w.org\/{rel}","templated":true}]}}