{"id":9414,"date":"2026-03-10T17:46:11","date_gmt":"2026-03-10T20:46:11","guid":{"rendered":"https:\/\/radioterrafm.com\/site\/2026\/03\/10\/disputa-entre-gusttavo-lima-e-wesley-safadao-reacende-tensao-no-cenario-musical\/"},"modified":"2026-03-10T17:46:11","modified_gmt":"2026-03-10T20:46:11","slug":"disputa-entre-gusttavo-lima-e-wesley-safadao-reacende-tensao-no-cenario-musical","status":"publish","type":"post","link":"https:\/\/radioterrafm.com\/site\/2026\/03\/10\/disputa-entre-gusttavo-lima-e-wesley-safadao-reacende-tensao-no-cenario-musical\/","title":{"rendered":"Disputa entre Gusttavo Lima e Wesley Safad\u00e3o Reacende Tens\u00e3o no Cen\u00e1rio Musical"},"content":{"rendered":"<p>O cen\u00e1rio da m\u00fasica sertaneja e do forr\u00f3 foi novamente agitado por movimenta\u00e7\u00f5es envolvendo os cantores Gusttavo Lima e Wesley Safad\u00e3o. Recentemente, Gusttavo Lima desativou o &#8216;seguir&#8217; da conta de Safad\u00e3o no Instagram e removeu do seu canal no YouTube as colabora\u00e7\u00f5es musicais previamente lan\u00e7adas, gerando questionamentos sobre o atual status do relacionamento profissional e pessoal entre os dois artistas.<\/p>\n<p>Esta n\u00e3o \u00e9 a primeira vez que uma poss\u00edvel desaven\u00e7a marca a trajet\u00f3ria dos artistas. Em 2019, Gusttavo Lima externou dificuldades em sua agenda de shows, atribuindo parte do problema a uma suposta &#8216;persegui\u00e7\u00e3o da concorr\u00eancia&#8217;. Na ocasi\u00e3o, o &#8216;Embaixador&#8217; alegou que Wesley Safad\u00e3o estaria agendando apresenta\u00e7\u00f5es em datas e locais pr\u00f3ximos aos seus, o que, em sua vis\u00e3o, dividiria o p\u00fablico. Safad\u00e3o, por sua vez, evitou abordar o tema diretamente, mas declarou que seria &#8216;burrice algu\u00e9m querer prejudicar o show dos outros&#8217;, uma fala amplamente interpretada como resposta.<\/p>\n<p>Apesar do hist\u00f3rico de tens\u00f5es, os cantores haviam se reaproximado em 2023, culminando no lan\u00e7amento da faixa &#8216;Oi Vida&#8217;, parte do projeto &#8216;Para\u00edso Particular&#8217; de Gusttavo Lima, marcando uma retomada da parceria musical. Contudo, a recente movimenta\u00e7\u00e3o sugere que essa tr\u00e9gua pode ter sido breve. O colunista Leo Dias apontou que o motivo da nova desaven\u00e7a estaria ligado a um desentendimento sobre o agenciamento do cantor Natanzinho Lima, no qual Safad\u00e3o teria recuado de uma sociedade combinada com Gusttavo, gerando o mal-estar.<\/p>\n<p>A repercuss\u00e3o nas redes sociais intensificou-se quando Wesley Safad\u00e3o veio a p\u00fablico, por meio de uma postagem, negar a vers\u00e3o apresentada por Leo Dias e sugerir um iminente &#8216;embate&#8217; com Gusttavo Lima. As assessorias de imprensa de ambos os artistas foram contatadas, mas a equipe de Gusttavo Lima informou n\u00e3o possuir informa\u00e7\u00f5es sobre o assunto at\u00e9 o momento, enquanto a assessoria de Wesley Safad\u00e3o declarou que o cantor est\u00e1 em viagem internacional e tamb\u00e9m busca contato para esclarecimentos. A situa\u00e7\u00e3o permanece em aberto, com expectativa de novos desdobramentos.<\/p>\n<p><small>Fonte: Mundo Sertanejo<\/small><\/p>\n","protected":false},"excerpt":{"rendered":"<p>Uma nova tens\u00e3o entre Gusttavo Lima e Wesley Safad\u00e3o movimenta o setor musical, reacendendo especula\u00e7\u00f5es sobre a rela\u00e7\u00e3o dos artistas e um hist\u00f3rico de desaven\u00e7as. Saiba mais.<\/p>\n","protected":false},"author":2,"featured_media":9413,"comment_status":"open","ping_status":"open","sticky":false,"template":"","format":"standard","meta":{"pagelayer_contact_templates":[],"_pagelayer_content":"","_jetpack_memberships_contains_paid_content":false,"footnotes":"","jetpack_publicize_message":"","jetpack_publicize_feature_enabled":true,"jetpack_social_post_already_shared":false,"jetpack_social_options":{"image_generator_settings":{"template":"highway","default_image_id":0,"font":"","enabled":false},"version":2}},"categories":[2],"tags":[193,190,192,191],"class_list":["post-9414","post","type-post","status-publish","format-standard","has-post-thumbnail","hentry","category-curiosidades","tag-disputa-artistica","tag-gusttavo-lima","tag-musica-sertaneja","tag-wesley-safadao"],"jetpack_publicize_connections":[],"jetpack_featured_media_url":"https:\/\/radioterrafm.com\/site\/wp-content\/uploads\/2026\/03\/news-1773175571.webp","jetpack_sharing_enabled":true,"_links":{"self":[{"href":"https:\/\/radioterrafm.com\/site\/wp-json\/wp\/v2\/posts\/9414","targetHints":{"allow":["GET"]}}],"collection":[{"href":"https:\/\/radioterrafm.com\/site\/wp-json\/wp\/v2\/posts"}],"about":[{"href":"https:\/\/radioterrafm.com\/site\/wp-json\/wp\/v2\/types\/post"}],"author":[{"embeddable":true,"href":"https:\/\/radioterrafm.com\/site\/wp-json\/wp\/v2\/users\/2"}],"replies":[{"embeddable":true,"href":"https:\/\/radioterrafm.com\/site\/wp-json\/wp\/v2\/comments?post=9414"}],"version-history":[{"count":0,"href":"https:\/\/radioterrafm.com\/site\/wp-json\/wp\/v2\/posts\/9414\/revisions"}],"wp:featuredmedia":[{"embeddable":true,"href":"https:\/\/radioterrafm.com\/site\/wp-json\/wp\/v2\/media\/9413"}],"wp:attachment":[{"href":"https:\/\/radioterrafm.com\/site\/wp-json\/wp\/v2\/media?parent=9414"}],"wp:term":[{"taxonomy":"category","embeddable":true,"href":"https:\/\/radioterrafm.com\/site\/wp-json\/wp\/v2\/categories?post=9414"},{"taxonomy":"post_tag","embeddable":true,"href":"https:\/\/radioterrafm.com\/site\/wp-json\/wp\/v2\/tags?post=9414"}],"curies":[{"name":"wp","href":"https:\/\/api.w.org\/{rel}","templated":true}]}}