{"id":9408,"date":"2026-03-10T13:50:13","date_gmt":"2026-03-10T16:50:13","guid":{"rendered":"https:\/\/radioterrafm.com\/site\/2026\/03\/10\/armazenamento-incorreto-de-frutas-o-fator-critico-que-acelera-a-deterioracao\/"},"modified":"2026-03-10T13:50:13","modified_gmt":"2026-03-10T16:50:13","slug":"armazenamento-incorreto-de-frutas-o-fator-critico-que-acelera-a-deterioracao","status":"publish","type":"post","link":"https:\/\/radioterrafm.com\/site\/2026\/03\/10\/armazenamento-incorreto-de-frutas-o-fator-critico-que-acelera-a-deterioracao\/","title":{"rendered":"Armazenamento Incorreto de Frutas: O Fator Cr\u00edtico que Acelera a Deteriora\u00e7\u00e3o"},"content":{"rendered":"<p>A conserva\u00e7\u00e3o de frutas em ambientes dom\u00e9sticos transcende a mera organiza\u00e7\u00e3o est\u00e9tica, configurando-se como um processo intrinsecamente ligado a fatores fisiol\u00f3gicos. Conforme elucidado por Renata Quartieri, nutricionista e coordenadora do curso de Nutri\u00e7\u00e3o da UNINASSAU Salvador, a emiss\u00e3o de etileno, um g\u00e1s natural produzido por certas frutas, desempenha um papel crucial na acelera\u00e7\u00e3o do amadurecimento. Este fen\u00f4meno, quando desconsiderado no armazenamento conjunto, pode precipitar a deteriora\u00e7\u00e3o dos alimentos, reduzindo significativamente sua vida \u00fatil.<\/p>\n<p>A intera\u00e7\u00e3o entre diferentes variedades de frutas \u00e9 um exemplo pr\u00e1tico desse processo. Morangos, por exemplo, tendem a se deteriorar mais rapidamente quando armazenados pr\u00f3ximos a bananas ou ma\u00e7\u00e3s, devido \u00e0 elevada produ\u00e7\u00e3o de etileno por estas \u00faltimas. Frutas como morango, uva, abacaxi, melancia, laranja, lim\u00e3o e tangerina, sendo mais sens\u00edveis ao g\u00e1s, demandam armazenamento isolado das esp\u00e9cies etileno-produtoras para otimizar sua durabilidade.<\/p>\n<p>Adicionalmente, o local de armazenamento \u00e9 um determinante fundamental. Frutas climat\u00e9ricas \u2014 aquelas que continuam amadurecendo ap\u00f3s a colheita, como banana, manga, mam\u00e3o, abacate, ma\u00e7\u00e3, pera, p\u00eassego, nectarina e ameixa \u2014 s\u00e3o idealmente conservadas em temperatura ambiente, especialmente se ainda estiverem verdes. A proximidade entre elas pode, inclusive, ser estrategicamente utilizada para acelerar o amadurecimento. Em contrapartida, frutas mais delicadas ou que n\u00e3o apresentam amadurecimento significativo p\u00f3s-colheita, a exemplo de morango, uva, amora, framboesa, cereja, abacaxi e melancia j\u00e1 cortada, beneficiam-se da refrigera\u00e7\u00e3o, que retarda rea\u00e7\u00f5es metab\u00f3licas e preserva suas caracter\u00edsticas organol\u00e9pticas e nutricionais.<\/p>\n<p>Para o cotidiano, uma estrat\u00e9gia eficaz consiste em manter na fruteira apenas as frutas em processo de amadurecimento, evitando a aglomera\u00e7\u00e3o de m\u00faltiplas variedades simultaneamente. Esta pr\u00e1tica permite um controle mais apurado do ciclo de matura\u00e7\u00e3o e contribui diretamente para a redu\u00e7\u00e3o do desperd\u00edcio alimentar. Compreender e aplicar esses princ\u00edpios fisiol\u00f3gicos simples de conserva\u00e7\u00e3o \u00e9 essencial para prolongar a vida \u00fatil dos alimentos, maximizar o aproveitamento de seus nutrientes e otimizar a gest\u00e3o do consumo semanal.<\/p>\n<p><small>Fonte: Dicas de Sa\u00fade<\/small><\/p>\n","protected":false},"excerpt":{"rendered":"<p>Erro comum no armazenamento de frutas acelera sua deteriora\u00e7\u00e3o. Entenda como a intera\u00e7\u00e3o entre elas e o g\u00e1s etileno impacta a conserva\u00e7\u00e3o e gera desperd\u00edcio.<\/p>\n","protected":false},"author":2,"featured_media":9407,"comment_status":"open","ping_status":"open","sticky":false,"template":"","format":"standard","meta":{"pagelayer_contact_templates":[],"_pagelayer_content":"","_jetpack_memberships_contains_paid_content":false,"footnotes":"","jetpack_publicize_message":"","jetpack_publicize_feature_enabled":true,"jetpack_social_post_already_shared":false,"jetpack_social_options":{"image_generator_settings":{"template":"highway","default_image_id":0,"font":"","enabled":false},"version":2}},"categories":[2],"tags":[180,179,182,181],"class_list":["post-9408","post","type-post","status-publish","format-standard","has-post-thumbnail","hentry","category-curiosidades","tag-armazenamento-de-alimentos","tag-conservacao-de-frutas","tag-desperdicio-alimentar","tag-gas-etileno"],"jetpack_publicize_connections":[],"jetpack_featured_media_url":"https:\/\/radioterrafm.com\/site\/wp-content\/uploads\/2026\/03\/news-1773161412.jpg","jetpack_sharing_enabled":true,"_links":{"self":[{"href":"https:\/\/radioterrafm.com\/site\/wp-json\/wp\/v2\/posts\/9408","targetHints":{"allow":["GET"]}}],"collection":[{"href":"https:\/\/radioterrafm.com\/site\/wp-json\/wp\/v2\/posts"}],"about":[{"href":"https:\/\/radioterrafm.com\/site\/wp-json\/wp\/v2\/types\/post"}],"author":[{"embeddable":true,"href":"https:\/\/radioterrafm.com\/site\/wp-json\/wp\/v2\/users\/2"}],"replies":[{"embeddable":true,"href":"https:\/\/radioterrafm.com\/site\/wp-json\/wp\/v2\/comments?post=9408"}],"version-history":[{"count":0,"href":"https:\/\/radioterrafm.com\/site\/wp-json\/wp\/v2\/posts\/9408\/revisions"}],"wp:featuredmedia":[{"embeddable":true,"href":"https:\/\/radioterrafm.com\/site\/wp-json\/wp\/v2\/media\/9407"}],"wp:attachment":[{"href":"https:\/\/radioterrafm.com\/site\/wp-json\/wp\/v2\/media?parent=9408"}],"wp:term":[{"taxonomy":"category","embeddable":true,"href":"https:\/\/radioterrafm.com\/site\/wp-json\/wp\/v2\/categories?post=9408"},{"taxonomy":"post_tag","embeddable":true,"href":"https:\/\/radioterrafm.com\/site\/wp-json\/wp\/v2\/tags?post=9408"}],"curies":[{"name":"wp","href":"https:\/\/api.w.org\/{rel}","templated":true}]}}