{"id":9217,"date":"2025-11-26T11:55:08","date_gmt":"2025-11-26T14:55:08","guid":{"rendered":"https:\/\/radioterrafm.com\/site\/?p=9217"},"modified":"2025-11-26T11:55:08","modified_gmt":"2025-11-26T14:55:08","slug":"tragedias-que-marcaram-a-musica-sertaneja-clique-e-veja-os-cantores-que-nos-deixaram-tao-cedo","status":"publish","type":"post","link":"https:\/\/radioterrafm.com\/site\/2025\/11\/26\/tragedias-que-marcaram-a-musica-sertaneja-clique-e-veja-os-cantores-que-nos-deixaram-tao-cedo\/","title":{"rendered":"Trag\u00e9dias que Marcaram a M\u00fasica Sertaneja. Clique e Veja os cantores que nos deixaram t\u00e3o cedo."},"content":{"rendered":"<p data-start=\"409\" data-end=\"756\">A m\u00fasica sertaneja carrega uma heran\u00e7a profunda no Brasil: hist\u00f3rias, ra\u00edzes, romantismo e, acima de tudo, artistas que se tornam parte da mem\u00f3ria afetiva do pa\u00eds. Por\u00e9m, ao longo das d\u00e9cadas, algumas das maiores perdas do g\u00eanero aconteceram de forma abrupta, atrav\u00e9s de acidentes tr\u00e1gicos que deixaram f\u00e3s, familiares e o mercado musical em luto.<\/p>\n<p data-start=\"758\" data-end=\"869\">A seguir, relembramos alguns artistas sertanejos que partiram prematuramente e deixaram um legado inesquec\u00edvel.<\/p>\n<hr data-start=\"871\" data-end=\"874\" \/>\n<h2 data-start=\"876\" data-end=\"930\">\ud83c\udf1f Jo\u00e3o Paulo \u2013 A Metade da Dupla com Daniel (1997)<\/h2>\n<p data-start=\"932\" data-end=\"1138\">Um dos acidentes mais marcantes da hist\u00f3ria do sertanejo aconteceu em <strong data-start=\"1002\" data-end=\"1028\">12 de setembro de 1997<\/strong>, quando <strong data-start=\"1037\" data-end=\"1051\">Jo\u00e3o Paulo<\/strong>, parceiro de Daniel, faleceu em um acidente de carro na Rodovia dos Bandeirantes (SP).<\/p>\n<p data-start=\"1140\" data-end=\"1348\">O cantor voltava para casa ap\u00f3s um show quando o ve\u00edculo pegou fogo ap\u00f3s capotar. A morte de Jo\u00e3o Paulo chocou o pa\u00eds e marcou profundamente Daniel, que continuou a carreira solo, sempre homenageando o amigo.<\/p>\n<hr data-start=\"1350\" data-end=\"1353\" \/>\n<h2 data-start=\"1355\" data-end=\"1405\">\ud83c\udf1f Leandro \u2013 Da Dupla Leandro &amp; Leonardo (1998)<\/h2>\n<p data-start=\"1407\" data-end=\"1736\">Embora n\u00e3o tenha sido acidente, \u00e9 imposs\u00edvel n\u00e3o cit\u00e1-lo pelo impacto: <strong data-start=\"1478\" data-end=\"1505\">Leandro faleceu em 1998<\/strong>, v\u00edtima de um raro tipo de c\u00e2ncer no pulm\u00e3o.<br data-start=\"1550\" data-end=\"1553\" \/>Inclu\u00edmos essa perda porque est\u00e1 entre as mais sentidas da hist\u00f3ria do sertanejo, e muitos leitores procuram listas que citam os dois eventos: morte inesperada e fim de dupla ic\u00f4nica.<\/p>\n<p data-start=\"1738\" data-end=\"1889\">A como\u00e7\u00e3o nacional foi tamanha que o vel\u00f3rio reuniu milhares de pessoas. Leandro &amp; Leonardo formavam uma das duplas mais populares do pa\u00eds nos anos 90.<\/p>\n<hr data-start=\"1891\" data-end=\"1894\" \/>\n<h2 data-start=\"1896\" data-end=\"1921\">\ud83c\udf1f Jo\u00e3o Mineiro (2012)<\/h2>\n<p data-start=\"1923\" data-end=\"2174\">Integrante da dupla <strong data-start=\"1943\" data-end=\"1970\">Jo\u00e3o Mineiro &amp; Marciano<\/strong>, refer\u00eancia do sertanejo raiz e rom\u00e2ntico, Jo\u00e3o Mineiro faleceu ap\u00f3s complica\u00e7\u00f5es de sa\u00fade, mas muitas publica\u00e7\u00f5es o incluem em mat\u00e9rias sobre perdas repentinas da m\u00fasica sertaneja que marcaram gera\u00e7\u00f5es.<\/p>\n<p data-start=\"2176\" data-end=\"2273\">A dupla influenciou nomes como Chit\u00e3ozinho &amp; Xoror\u00f3, Milion\u00e1rio &amp; Jos\u00e9 Rico e Leandro &amp; Leonardo.<\/p>\n<hr data-start=\"2275\" data-end=\"2278\" \/>\n<h2 data-start=\"2280\" data-end=\"2347\">\ud83c\udf1f Cristiano Ara\u00fajo \u2013 A Despedida de um \u00cddolo em Ascens\u00e3o (2015)<\/h2>\n<p data-start=\"2349\" data-end=\"2496\">A morte de <strong data-start=\"2360\" data-end=\"2380\">Cristiano Ara\u00fajo<\/strong> e sua namorada Allana Moraes, em <strong data-start=\"2414\" data-end=\"2437\">24 de junho de 2015<\/strong>, em um grave acidente de carro em Goi\u00e1s, paralisou o pa\u00eds.<\/p>\n<p data-start=\"2498\" data-end=\"2812\">Um dos artistas mais queridos da nova gera\u00e7\u00e3o, Cristiano estava no auge, com hits como \u201cEfeitos\u201d, \u201cMaus Bocados\u201d e \u201cC\u00ea que Sabe\u201d.<br data-start=\"2627\" data-end=\"2630\" \/>O carro em que estavam saiu da pista e capotou. F\u00e3s, celebridades e pol\u00edticos lamentaram a perda. At\u00e9 hoje, seu nome \u00e9 lembrado entre as maiores promessas interrompidas do sertanejo.<\/p>\n<hr data-start=\"2814\" data-end=\"2817\" \/>\n<h2 data-start=\"2819\" data-end=\"2864\">\ud83c\udf1f Gabriel Diniz \u2013 Voz de \u201cJenifer\u201d (2019)<\/h2>\n<p data-start=\"2866\" data-end=\"3117\">Embora fosse um artista mais pop-forr\u00f3, <strong data-start=\"2906\" data-end=\"2923\">Gabriel Diniz<\/strong> era presen\u00e7a constante em shows sertanejos e colaborava com diversos artistas do g\u00eanero.<br data-start=\"3012\" data-end=\"3015\" \/>Ele faleceu em <strong data-start=\"3030\" data-end=\"3052\">27 de maio de 2019<\/strong>, quando o avi\u00e3o de pequeno porte em que viajava caiu em Sergipe.<\/p>\n<p data-start=\"3119\" data-end=\"3228\">A m\u00fasica \u201cJenifer\u201d havia explodido nacionalmente meses antes, tornando a morte do cantor ainda mais chocante.<\/p>\n<hr data-start=\"3230\" data-end=\"3233\" \/>\n<h2 data-start=\"3235\" data-end=\"3288\">\ud83c\udf1f Mar\u00edlia Mendon\u00e7a \u2013 A Rainha da Sofr\u00eancia (2021)<\/h2>\n<p data-start=\"3290\" data-end=\"3471\">O acidente a\u00e9reo que tirou a vida de <strong data-start=\"3327\" data-end=\"3347\">Mar\u00edlia Mendon\u00e7a<\/strong> em <strong data-start=\"3351\" data-end=\"3376\">5 de novembro de 2021<\/strong>, em Caratinga (MG), \u00e9, talvez, a perda mais marcante da hist\u00f3ria recente da m\u00fasica brasileira.<\/p>\n<p data-start=\"3473\" data-end=\"3787\">A cantora, de 26 anos, estava a caminho de um show quando o avi\u00e3o caiu pr\u00f3ximo a uma cachoeira.<br data-start=\"3568\" data-end=\"3571\" \/>O pa\u00eds parou. F\u00e3s em todo o Brasil fizeram homenagens espont\u00e2neas. Nas redes sociais, milh\u00f5es de mensagens lamentaram a perda daquela que revolucionou o feminejo e se tornou um dos maiores fen\u00f4menos musicais do pa\u00eds.<\/p>\n<h1 data-start=\"270\" data-end=\"332\"><strong data-start=\"272\" data-end=\"332\">Jo\u00e3o Carreiro \u2013 A Voz Marcante do Sertanejo Bruto (2024)<\/strong><\/h1>\n<p data-start=\"334\" data-end=\"586\">Entre os artistas sertanejos que partiram de forma inesperada, um dos casos mais recentes e chocantes \u00e9 o de <strong data-start=\"443\" data-end=\"460\">Jo\u00e3o Carreiro<\/strong>, cantor conhecido pelo estilo \u201csertanejo bruto\u201d e por grandes sucessos que marcaram uma gera\u00e7\u00e3o apaixonada pela moda caipira.<\/p>\n<p data-start=\"588\" data-end=\"992\">Jo\u00e3o Carreiro faleceu no dia <strong data-start=\"617\" data-end=\"641\">3 de janeiro de 2024<\/strong>, ap\u00f3s complica\u00e7\u00f5es durante uma cirurgia card\u00edaca realizada em Campo Grande (MS). Embora n\u00e3o tenha sido v\u00edtima de acidente automobil\u00edstico ou a\u00e9reo, sua morte repentina foi t\u00e3o impactante que passou a integrar listas e mat\u00e9rias sobre <strong data-start=\"875\" data-end=\"913\">trag\u00e9dias que abalaram o sertanejo<\/strong>, dada sua relev\u00e2ncia e o efeito nacional de como\u00e7\u00e3o que seu falecimento gerou.<\/p>\n<hr data-start=\"3789\" data-end=\"3792\" \/>\n<h2 data-start=\"3794\" data-end=\"3845\">\ud83c\udf1f Henrique \u2013 Irm\u00e3o Da Dupla Henrique &amp; Juliano (2013)<\/h2>\n<p data-start=\"3847\" data-end=\"4089\">Pouco conhecido do grande p\u00fablico, mas de extrema import\u00e2ncia para uma das maiores duplas da atualidade, o irm\u00e3o mais velho e primeiro empres\u00e1rio de <strong data-start=\"3996\" data-end=\"4018\">Henrique &amp; Juliano<\/strong>, conhecido como <strong data-start=\"4035\" data-end=\"4047\">Henrique<\/strong>, faleceu em um acidente de carro em 2013.<\/p>\n<p data-start=\"4091\" data-end=\"4201\">O acontecimento marcou profundamente a vida dos artistas, que at\u00e9 hoje o citam em entrevistas e emocionam f\u00e3s.<\/p>\n<hr data-start=\"4203\" data-end=\"4206\" \/>\n<h2 data-start=\"4208\" data-end=\"4260\">\ud83d\udd4a\ufe0f Trag\u00e9dias Que Mudaram o Sertanejo Para Sempre<\/h2>\n<p data-start=\"4262\" data-end=\"4491\">A m\u00fasica sertaneja tem suas ra\u00edzes no campo, nas estradas e nas hist\u00f3rias do dia a dia. Infelizmente, muitas dessas perdas aconteceram justamente nelas: estradas, carros, avi\u00f5es e viagens a trabalho, parte da rotina dos artistas.<\/p>\n<p data-start=\"4493\" data-end=\"4514\">Cada trag\u00e9dia deixou:<\/p>\n<ul data-start=\"4516\" data-end=\"4665\">\n<li data-start=\"4516\" data-end=\"4535\">\n<p data-start=\"4518\" data-end=\"4535\"><strong data-start=\"4518\" data-end=\"4535\">Luto nacional<\/strong><\/p>\n<\/li>\n<li data-start=\"4536\" data-end=\"4569\">\n<p data-start=\"4538\" data-end=\"4569\"><strong data-start=\"4538\" data-end=\"4569\">Mudan\u00e7as no mercado musical<\/strong><\/p>\n<\/li>\n<li data-start=\"4570\" data-end=\"4607\">\n<p data-start=\"4572\" data-end=\"4607\"><strong data-start=\"4572\" data-end=\"4607\">Legados que atravessam gera\u00e7\u00f5es<\/strong><\/p>\n<\/li>\n<li data-start=\"4608\" data-end=\"4665\">\n<p data-start=\"4610\" data-end=\"4665\"><strong data-start=\"4610\" data-end=\"4665\">Homenagens permanentes em shows, m\u00fasicas e projetos<\/strong><\/p>\n<\/li>\n<\/ul>\n<hr data-start=\"4667\" data-end=\"4670\" \/>\n<h2 data-start=\"4672\" data-end=\"4695\">\ud83c\udfa4 O Legado Continua<\/h2>\n<p data-start=\"4697\" data-end=\"4861\">Mesmo diante das perdas, o sertanejo continua se reinventando. Novos artistas surgem influenciados por quem partiu, mantendo viva a ess\u00eancia desse g\u00eanero t\u00e3o amado.<\/p>\n<p data-start=\"4863\" data-end=\"4914\">Como disse Cristiano Ara\u00fajo em uma de suas m\u00fasicas:<\/p>\n<blockquote data-start=\"4916\" data-end=\"5016\">\n<p data-start=\"4918\" data-end=\"5016\"><em data-start=\"4918\" data-end=\"5016\">\u201cO tempo pode at\u00e9 apagar o que ficou pra tr\u00e1s, mas nunca vai apagar o que dois cora\u00e7\u00f5es sentem.\u201d<\/em><\/p>\n<\/blockquote>\n","protected":false},"excerpt":{"rendered":"<p>A m\u00fasica sertaneja carrega uma heran\u00e7a profunda no Brasil: hist\u00f3rias, ra\u00edzes, romantismo e, acima de tudo, artistas que se tornam parte da mem\u00f3ria afetiva do pa\u00eds. Por\u00e9m, ao longo das d\u00e9cadas, algumas das maiores perdas do g\u00eanero aconteceram de forma abrupta, atrav\u00e9s de acidentes tr\u00e1gicos que deixaram f\u00e3s, familiares e ...<\/p>\n","protected":false},"author":2,"featured_media":9218,"comment_status":"open","ping_status":"open","sticky":false,"template":"","format":"standard","meta":{"pagelayer_contact_templates":[],"_pagelayer_content":"","_jetpack_memberships_contains_paid_content":false,"footnotes":"","jetpack_publicize_message":"","jetpack_publicize_feature_enabled":true,"jetpack_social_post_already_shared":false,"jetpack_social_options":{"image_generator_settings":{"template":"highway","default_image_id":0,"font":"","enabled":false},"version":2}},"categories":[67],"tags":[95,96,93,92,94,97,98],"class_list":["post-9217","post","type-post","status-publish","format-standard","has-post-thumbnail","hentry","category-saudosismo","tag-modadeviola","tag-musicasertaneja","tag-radiodemodadeviola","tag-radiodemusicaraiz","tag-radiodemusicasertaneja","tag-radiosertaneja","tag-radiosertanejaonline"],"jetpack_publicize_connections":[],"jetpack_featured_media_url":"https:\/\/radioterrafm.com\/site\/wp-content\/uploads\/2025\/11\/imgi_321_sertanejos.jpg","jetpack_sharing_enabled":true,"_links":{"self":[{"href":"https:\/\/radioterrafm.com\/site\/wp-json\/wp\/v2\/posts\/9217","targetHints":{"allow":["GET"]}}],"collection":[{"href":"https:\/\/radioterrafm.com\/site\/wp-json\/wp\/v2\/posts"}],"about":[{"href":"https:\/\/radioterrafm.com\/site\/wp-json\/wp\/v2\/types\/post"}],"author":[{"embeddable":true,"href":"https:\/\/radioterrafm.com\/site\/wp-json\/wp\/v2\/users\/2"}],"replies":[{"embeddable":true,"href":"https:\/\/radioterrafm.com\/site\/wp-json\/wp\/v2\/comments?post=9217"}],"version-history":[{"count":2,"href":"https:\/\/radioterrafm.com\/site\/wp-json\/wp\/v2\/posts\/9217\/revisions"}],"predecessor-version":[{"id":9220,"href":"https:\/\/radioterrafm.com\/site\/wp-json\/wp\/v2\/posts\/9217\/revisions\/9220"}],"wp:featuredmedia":[{"embeddable":true,"href":"https:\/\/radioterrafm.com\/site\/wp-json\/wp\/v2\/media\/9218"}],"wp:attachment":[{"href":"https:\/\/radioterrafm.com\/site\/wp-json\/wp\/v2\/media?parent=9217"}],"wp:term":[{"taxonomy":"category","embeddable":true,"href":"https:\/\/radioterrafm.com\/site\/wp-json\/wp\/v2\/categories?post=9217"},{"taxonomy":"post_tag","embeddable":true,"href":"https:\/\/radioterrafm.com\/site\/wp-json\/wp\/v2\/tags?post=9217"}],"curies":[{"name":"wp","href":"https:\/\/api.w.org\/{rel}","templated":true}]}}