{"id":9124,"date":"2025-11-17T09:14:18","date_gmt":"2025-11-17T12:14:18","guid":{"rendered":"https:\/\/radioterrafm.com\/site\/?p=9124"},"modified":"2025-11-21T16:47:45","modified_gmt":"2025-11-21T19:47:45","slug":"teodoro-sampaio-voce-sabia-quantas-formacoes-a-dupla-ja-teve","status":"publish","type":"post","link":"https:\/\/radioterrafm.com\/site\/2025\/11\/17\/teodoro-sampaio-voce-sabia-quantas-formacoes-a-dupla-ja-teve\/","title":{"rendered":"Teodoro &amp; Sampaio: Voc\u00ea sabia quantas forma\u00e7\u00f5es a dupla j\u00e1 teve?"},"content":{"rendered":"<p data-start=\"250\" data-end=\"593\">Quando falamos em duplas marcantes da m\u00fasica sertaneja, Teodoro &amp; Sampaio est\u00e3o entre os nomes mais lembrados. Com um estilo irreverente, dan\u00e7ante e cheio de humor, a dupla conquistou o Brasil com sucessos que atravessam gera\u00e7\u00f5es \u2014 mas o que muita gente n\u00e3o sabe \u00e9 que <strong data-start=\"519\" data-end=\"590\">Teodoro &amp; Sampaio n\u00e3o teve apenas uma forma\u00e7\u00e3o ao longo da carreira<\/strong>.<\/p>\n<p data-start=\"595\" data-end=\"716\">A hist\u00f3ria da dupla come\u00e7ou na d\u00e9cada de 1980 e passou por diferentes fases, mantendo sempre o nome e a ess\u00eancia musical.<\/p>\n<hr data-start=\"718\" data-end=\"721\" \/>\n<h2 data-start=\"723\" data-end=\"777\"><strong data-start=\"726\" data-end=\"777\">A Primeira Forma\u00e7\u00e3o: Teodoro &amp; Sampaio original<\/strong><\/h2>\n<p data-start=\"778\" data-end=\"809\">A forma\u00e7\u00e3o inicial contava com:<\/p>\n<ul data-start=\"811\" data-end=\"938\">\n<li data-start=\"811\" data-end=\"877\">\n<p data-start=\"813\" data-end=\"877\"><strong data-start=\"813\" data-end=\"855\">Teodoro (Aparecido Sebasti\u00e3o de Souza)<\/strong> \u2013 o vocal principal<\/p>\n<\/li>\n<li data-start=\"878\" data-end=\"938\">\n<p data-start=\"880\" data-end=\"938\"><strong data-start=\"880\" data-end=\"921\">Sampaio (Genival Alves do Nascimento)<\/strong> \u2013 segunda voz<\/p>\n<\/li>\n<\/ul>\n<p data-start=\"940\" data-end=\"1127\">Essa foi a vers\u00e3o que lan\u00e7ou a dupla nacionalmente, com hits como <strong data-start=\"1006\" data-end=\"1027\">\u201cVestido de Seda\u201d<\/strong>, <strong data-start=\"1029\" data-end=\"1050\">\u201cPaix\u00e3o Proibida\u201d<\/strong>, <strong data-start=\"1052\" data-end=\"1072\">\u201cMulher Chorona\u201d<\/strong>, entre outros cl\u00e1ssicos que ecoam nas r\u00e1dios at\u00e9 hoje.<\/p>\n<p data-start=\"1129\" data-end=\"1252\">Essa fase foi essencial para consolidar a identidade musical e criar a imagem brincalhona e marcante que o p\u00fablico abra\u00e7ou.<\/p>\n<p><img fetchpriority=\"high\" decoding=\"async\" class=\"alignnone size-medium wp-image-9128\" src=\"https:\/\/radioterrafm.com\/site\/wp-content\/uploads\/2025\/11\/imgi_177_maxresdefault-770x433.jpeg\" alt=\"\" width=\"770\" height=\"433\" srcset=\"https:\/\/radioterrafm.com\/site\/wp-content\/uploads\/2025\/11\/imgi_177_maxresdefault-770x433.jpeg 770w, https:\/\/radioterrafm.com\/site\/wp-content\/uploads\/2025\/11\/imgi_177_maxresdefault-1170x658.jpeg 1170w, https:\/\/radioterrafm.com\/site\/wp-content\/uploads\/2025\/11\/imgi_177_maxresdefault-768x432.jpeg 768w, https:\/\/radioterrafm.com\/site\/wp-content\/uploads\/2025\/11\/imgi_177_maxresdefault.jpeg 1280w\" sizes=\"(max-width: 770px) 100vw, 770px\" \/><\/p>\n<hr data-start=\"1254\" data-end=\"1257\" \/>\n<h2 data-start=\"1259\" data-end=\"1311\"><strong data-start=\"1262\" data-end=\"1311\">Segunda Forma\u00e7\u00e3o: Novo Sampaio assume o posto<\/strong><\/h2>\n<p data-start=\"1312\" data-end=\"1421\">Com o tempo, o primeiro Sampaio deixou o projeto, e Teodoro precisou encontrar um novo parceiro. Surge ent\u00e3o:<\/p>\n<ul data-start=\"1423\" data-end=\"1493\">\n<li data-start=\"1423\" data-end=\"1448\">\n<p data-start=\"1425\" data-end=\"1448\"><strong data-start=\"1425\" data-end=\"1436\">Teodoro<\/strong> (mantido)<\/p>\n<\/li>\n<li data-start=\"1449\" data-end=\"1493\">\n<p data-start=\"1451\" data-end=\"1493\"><strong data-start=\"1451\" data-end=\"1491\">Sampaio 2 (Aguinaldo Batista Moreno)<\/strong><\/p>\n<\/li>\n<\/ul>\n<p data-start=\"1495\" data-end=\"1694\">Esse novo Sampaio seguiu com Teodoro por um longo per\u00edodo, participando de novos \u00e1lbuns, programas de TV e in\u00fameros shows pelo Brasil. Muitos f\u00e3s de hoje conheceram a dupla justamente nessa forma\u00e7\u00e3o.<\/p>\n<p data-start=\"1696\" data-end=\"1818\">Essa fase foi marcada por uma moderniza\u00e7\u00e3o no repert\u00f3rio e pela presen\u00e7a mais forte em eventos sertanejos de grande porte.<\/p>\n<hr data-start=\"1820\" data-end=\"1823\" \/>\n<h2 data-start=\"1825\" data-end=\"1891\"><strong data-start=\"1828\" data-end=\"1891\">Terceira Forma\u00e7\u00e3o: A continua\u00e7\u00e3o da marca Teodoro &amp; Sampaio<\/strong><\/h2>\n<p data-start=\"1892\" data-end=\"2138\">Ap\u00f3s a sa\u00edda do segundo Sampaio, a dupla teve ainda <strong data-start=\"1944\" data-end=\"1969\">uma terceira forma\u00e7\u00e3o<\/strong>, com outro parceiro assumindo o posto. A inten\u00e7\u00e3o sempre foi manter viva a marca e continuar com a agenda de shows, j\u00e1 que Teodoro se tornou o pilar central do projeto.<\/p>\n<p data-start=\"2140\" data-end=\"2318\">Essa configura\u00e7\u00e3o refor\u00e7ou a ideia de que <strong data-start=\"2182\" data-end=\"2248\">Teodoro &amp; Sampaio \u00e9 tanto uma dupla quanto uma marca art\u00edstica<\/strong>, sempre fiel ao estilo humorado e rom\u00e2ntico que conquistou o p\u00fablico.<\/p>\n<hr data-start=\"2320\" data-end=\"2323\" \/>\n<h2 data-start=\"2325\" data-end=\"2369\"><strong data-start=\"2328\" data-end=\"2369\">Afinal, quantas vers\u00f5es j\u00e1 existiram?<\/strong><\/h2>\n<p data-start=\"2370\" data-end=\"2442\">At\u00e9 hoje, <strong data-start=\"2380\" data-end=\"2441\">a dupla Teodoro &amp; Sampaio j\u00e1 teve tr\u00eas forma\u00e7\u00f5es oficiais<\/strong>:<\/p>\n<ol data-start=\"2444\" data-end=\"2639\">\n<li data-start=\"2444\" data-end=\"2506\">\n<p data-start=\"2447\" data-end=\"2506\"><strong data-start=\"2447\" data-end=\"2484\">Teodoro &amp; Sampaio (Genival Alves)<\/strong> \u2013 forma\u00e7\u00e3o original<\/p>\n<\/li>\n<li data-start=\"2507\" data-end=\"2571\">\n<p data-start=\"2510\" data-end=\"2571\"><strong data-start=\"2510\" data-end=\"2551\">Teodoro &amp; Sampaio (Aguinaldo Batista)<\/strong> \u2013 segundo Sampaio<\/p>\n<\/li>\n<li data-start=\"2572\" data-end=\"2639\">\n<p data-start=\"2575\" data-end=\"2639\"><strong data-start=\"2575\" data-end=\"2618\">Teodoro &amp; Sampaio (nova forma\u00e7\u00e3o atual)<\/strong> \u2013 terceiro Sampaio<\/p>\n<\/li>\n<\/ol>\n<p data-start=\"2641\" data-end=\"2791\">Mesmo com mudan\u00e7as ao longo das d\u00e9cadas, a dupla continua ativa, com shows, grava\u00e7\u00f5es e presen\u00e7a constante na mem\u00f3ria da m\u00fasica sertaneja tradicional.<\/p>\n<hr data-start=\"2793\" data-end=\"2796\" \/>\n<h2 data-start=\"2798\" data-end=\"2850\"><strong data-start=\"2801\" data-end=\"2850\">Por que o nome continuou mesmo com as trocas?<\/strong><\/h2>\n<p data-start=\"2851\" data-end=\"3128\">O nome <strong data-start=\"2858\" data-end=\"2909\">Teodoro &amp; Sampaio se tornou uma marca art\u00edstica<\/strong>, assim como aconteceu com outras duplas sertanejas que mantiveram o projeto mesmo com mudan\u00e7as de integrantes.<br data-start=\"3020\" data-end=\"3023\" \/>A for\u00e7a do nome, a tradi\u00e7\u00e3o e o reconhecimento nacional s\u00e3o fatores que ajudaram a manter a continuidade.<\/p>\n<hr data-start=\"3130\" data-end=\"3133\" \/>\n<h2 data-start=\"3135\" data-end=\"3158\"><strong data-start=\"3138\" data-end=\"3158\">Legado duradouro<\/strong><\/h2>\n<p data-start=\"3159\" data-end=\"3375\">Com mais de 40 anos de hist\u00f3ria e dezenas de \u00e1lbuns lan\u00e7ados, Teodoro &amp; Sampaio seguem como um dos projetos mais importantes do sertanejo raiz humorado, representando a simplicidade e a alegria do interior do Brasil.<\/p>\n<p data-start=\"3377\" data-end=\"3537\">E para muitos f\u00e3s, independentemente da forma\u00e7\u00e3o, a ess\u00eancia permanece: m\u00fasicas divertidas, rom\u00e2nticas, cheias de causos e hist\u00f3rias que s\u00f3 a dupla sabe contar.<\/p>\n","protected":false},"excerpt":{"rendered":"<p>Quando falamos em duplas marcantes da m\u00fasica sertaneja, Teodoro &amp; Sampaio est\u00e3o entre os nomes mais lembrados. Com um estilo irreverente, dan\u00e7ante e cheio de humor, a dupla conquistou o Brasil com sucessos que atravessam gera\u00e7\u00f5es \u2014 mas o que muita gente n\u00e3o sabe \u00e9 que Teodoro &amp; Sampaio n\u00e3o ...<\/p>\n","protected":false},"author":2,"featured_media":9127,"comment_status":"open","ping_status":"open","sticky":false,"template":"","format":"standard","meta":{"pagelayer_contact_templates":[],"_pagelayer_content":"","_jetpack_memberships_contains_paid_content":false,"footnotes":"","jetpack_publicize_message":"","jetpack_publicize_feature_enabled":true,"jetpack_social_post_already_shared":false,"jetpack_social_options":{"image_generator_settings":{"template":"highway","default_image_id":0,"font":"","enabled":false},"version":2}},"categories":[4],"tags":[95,96,93,92,94,97,98,91],"class_list":["post-9124","post","type-post","status-publish","format-standard","has-post-thumbnail","hentry","category-musica","tag-modadeviola","tag-musicasertaneja","tag-radiodemodadeviola","tag-radiodemusicaraiz","tag-radiodemusicasertaneja","tag-radiosertaneja","tag-radiosertanejaonline","tag-teodoroesampaio"],"jetpack_publicize_connections":[],"jetpack_featured_media_url":"https:\/\/radioterrafm.com\/site\/wp-content\/uploads\/2025\/11\/imgi_193_Teodoro-Sampaio-celebram-3-anos-do-Rancho-Eldorado-com-show-especial-scaled-1.jpeg","jetpack_sharing_enabled":true,"_links":{"self":[{"href":"https:\/\/radioterrafm.com\/site\/wp-json\/wp\/v2\/posts\/9124","targetHints":{"allow":["GET"]}}],"collection":[{"href":"https:\/\/radioterrafm.com\/site\/wp-json\/wp\/v2\/posts"}],"about":[{"href":"https:\/\/radioterrafm.com\/site\/wp-json\/wp\/v2\/types\/post"}],"author":[{"embeddable":true,"href":"https:\/\/radioterrafm.com\/site\/wp-json\/wp\/v2\/users\/2"}],"replies":[{"embeddable":true,"href":"https:\/\/radioterrafm.com\/site\/wp-json\/wp\/v2\/comments?post=9124"}],"version-history":[{"count":2,"href":"https:\/\/radioterrafm.com\/site\/wp-json\/wp\/v2\/posts\/9124\/revisions"}],"predecessor-version":[{"id":9130,"href":"https:\/\/radioterrafm.com\/site\/wp-json\/wp\/v2\/posts\/9124\/revisions\/9130"}],"wp:featuredmedia":[{"embeddable":true,"href":"https:\/\/radioterrafm.com\/site\/wp-json\/wp\/v2\/media\/9127"}],"wp:attachment":[{"href":"https:\/\/radioterrafm.com\/site\/wp-json\/wp\/v2\/media?parent=9124"}],"wp:term":[{"taxonomy":"category","embeddable":true,"href":"https:\/\/radioterrafm.com\/site\/wp-json\/wp\/v2\/categories?post=9124"},{"taxonomy":"post_tag","embeddable":true,"href":"https:\/\/radioterrafm.com\/site\/wp-json\/wp\/v2\/tags?post=9124"}],"curies":[{"name":"wp","href":"https:\/\/api.w.org\/{rel}","templated":true}]}}