{"id":9112,"date":"2025-11-24T08:08:02","date_gmt":"2025-11-24T11:08:02","guid":{"rendered":"https:\/\/radioterrafm.com\/site\/?p=9112"},"modified":"2025-11-24T09:03:14","modified_gmt":"2025-11-24T12:03:14","slug":"folia-de-reis-curiosidades-sobre-a-tradicao-caipira-que-mantem-viva-a-fe-e-a-cultura-do-interior","status":"publish","type":"post","link":"https:\/\/radioterrafm.com\/site\/2025\/11\/24\/folia-de-reis-curiosidades-sobre-a-tradicao-caipira-que-mantem-viva-a-fe-e-a-cultura-do-interior\/","title":{"rendered":"Folia de Reis: Curiosidades Sobre a Tradi\u00e7\u00e3o Caipira Que Mant\u00e9m Viva a F\u00e9 e a Cultura do Interior"},"content":{"rendered":"<p data-start=\"294\" data-end=\"563\">A <strong data-start=\"296\" data-end=\"313\">Folia de Reis<\/strong> \u00e9 uma das mais antigas e aut\u00eanticas tradi\u00e7\u00f5es da cultura caipira brasileira.<br data-start=\"390\" data-end=\"393\" \/>Presente em diversas cidades do interior, principalmente em Minas Gerais, Goi\u00e1s, Mato Grosso, S\u00e3o Paulo e Paran\u00e1, ela mistura f\u00e9, m\u00fasica, teatro, devo\u00e7\u00e3o e festa popular.<\/p>\n<p data-start=\"565\" data-end=\"723\">Mesmo com o passar das d\u00e9cadas, a Folia de Reis continua encantando quem participa \u2014 e guardando curiosidades que revelam a for\u00e7a dessa manifesta\u00e7\u00e3o cultural.<\/p>\n<hr data-start=\"725\" data-end=\"728\" \/>\n<h2 data-start=\"730\" data-end=\"793\"><strong data-start=\"733\" data-end=\"793\">1. A Folia de Reis comemora a viagem dos Tr\u00eas Reis Magos<\/strong><\/h2>\n<p data-start=\"794\" data-end=\"987\">A tradi\u00e7\u00e3o representa a caminhada dos Reis Magos rumo ao nascimento de Jesus.<br data-start=\"871\" data-end=\"874\" \/>Por isso os grupos percorrem casas e fazendas simbolizando essa jornada, levando m\u00fasica e b\u00ean\u00e7\u00e3os pelos caminhos.<\/p>\n<hr data-start=\"989\" data-end=\"992\" \/>\n<h2 data-start=\"994\" data-end=\"1067\"><strong data-start=\"997\" data-end=\"1067\">2. A festa pode durar v\u00e1rios dias \u2014 e sempre termina com comilan\u00e7a<\/strong><\/h2>\n<p data-start=\"1068\" data-end=\"1290\">Dependendo da regi\u00e3o, a Folia pode durar <strong data-start=\"1109\" data-end=\"1127\">de 1 a 13 dias<\/strong>, encerrando no dia de Reis, 6 de janeiro.<br data-start=\"1169\" data-end=\"1172\" \/>O fim da jornada costuma ser marcado por uma grande festa com comida t\u00edpica, leil\u00f5es, fogueira e muita m\u00fasica caipira.<\/p>\n<hr data-start=\"1292\" data-end=\"1295\" \/>\n<h2 data-start=\"1297\" data-end=\"1372\"><strong data-start=\"1300\" data-end=\"1372\">3. Os foli\u00f5es usam roupas, fitas e instrumentos cheios de simbolismo<br \/>\n<img fetchpriority=\"high\" decoding=\"async\" class=\"alignnone size-medium wp-image-9117\" src=\"https:\/\/radioterrafm.com\/site\/wp-content\/uploads\/2025\/11\/imgi_224_hq720-770x433.jpg\" alt=\"\" width=\"770\" height=\"433\" srcset=\"https:\/\/radioterrafm.com\/site\/wp-content\/uploads\/2025\/11\/imgi_224_hq720-770x433.jpg 770w, https:\/\/radioterrafm.com\/site\/wp-content\/uploads\/2025\/11\/imgi_224_hq720-1170x658.jpg 1170w, https:\/\/radioterrafm.com\/site\/wp-content\/uploads\/2025\/11\/imgi_224_hq720-768x432.jpg 768w, https:\/\/radioterrafm.com\/site\/wp-content\/uploads\/2025\/11\/imgi_224_hq720.jpg 1280w\" sizes=\"(max-width: 770px) 100vw, 770px\" \/><br \/>\n<\/strong><\/h2>\n<p data-start=\"1373\" data-end=\"1517\">Os integrantes n\u00e3o se vestem \u00e0 toa.<br data-start=\"1408\" data-end=\"1411\" \/>Cada cor representa um elemento religioso, e as <strong data-start=\"1459\" data-end=\"1478\">fitas no chap\u00e9u<\/strong> simbolizam promessas e agradecimentos.<\/p>\n<p data-start=\"1519\" data-end=\"1554\">Entre os instrumentos usados est\u00e3o:<\/p>\n<ul data-start=\"1555\" data-end=\"1632\">\n<li data-start=\"1555\" data-end=\"1572\">\n<p data-start=\"1557\" data-end=\"1572\">viola caipira<\/p>\n<\/li>\n<li data-start=\"1573\" data-end=\"1584\">\n<p data-start=\"1575\" data-end=\"1584\">sanfona<\/p>\n<\/li>\n<li data-start=\"1585\" data-end=\"1594\">\n<p data-start=\"1587\" data-end=\"1594\">caixa<\/p>\n<\/li>\n<li data-start=\"1595\" data-end=\"1607\">\n<p data-start=\"1597\" data-end=\"1607\">pandeiro<\/p>\n<\/li>\n<li data-start=\"1608\" data-end=\"1621\">\n<p data-start=\"1610\" data-end=\"1621\">reco-reco<\/p>\n<\/li>\n<li data-start=\"1622\" data-end=\"1632\">\n<p data-start=\"1624\" data-end=\"1632\">viol\u00e3o<\/p>\n<\/li>\n<\/ul>\n<p data-start=\"1634\" data-end=\"1686\">Todos ajudando a criar o som inconfund\u00edvel da Folia.<\/p>\n<hr data-start=\"1688\" data-end=\"1691\" \/>\n<h2 data-start=\"1693\" data-end=\"1749\"><strong data-start=\"1696\" data-end=\"1749\">4. O palha\u00e7o da Folia tem um significado especial<br \/>\n<img decoding=\"async\" class=\"alignnone size-medium wp-image-9115\" src=\"https:\/\/radioterrafm.com\/site\/wp-content\/uploads\/2025\/11\/imgi_169_hq720-770x433.jpg\" alt=\"\" width=\"770\" height=\"433\" srcset=\"https:\/\/radioterrafm.com\/site\/wp-content\/uploads\/2025\/11\/imgi_169_hq720-770x433.jpg 770w, https:\/\/radioterrafm.com\/site\/wp-content\/uploads\/2025\/11\/imgi_169_hq720-1170x658.jpg 1170w, https:\/\/radioterrafm.com\/site\/wp-content\/uploads\/2025\/11\/imgi_169_hq720-768x432.jpg 768w, https:\/\/radioterrafm.com\/site\/wp-content\/uploads\/2025\/11\/imgi_169_hq720.jpg 1280w\" sizes=\"(max-width: 770px) 100vw, 770px\" \/><br \/>\n<\/strong><\/h2>\n<p data-start=\"1750\" data-end=\"2084\">Apesar da fantasia colorida e do jeito brincalh\u00e3o, o <strong data-start=\"1803\" data-end=\"1814\">Palha\u00e7o<\/strong> ou <strong data-start=\"1818\" data-end=\"1829\">Basti\u00e3o<\/strong> \u00e9 um personagem cheio de simbolismo.<br data-start=\"1866\" data-end=\"1869\" \/>Ele representa os soldados de Herodes que, segundo a tradi\u00e7\u00e3o popular, tentaram impedir a visita dos Magos.<br data-start=\"1976\" data-end=\"1979\" \/>O palha\u00e7o, na Folia, virou protetor do grupo, abrindo caminho e garantindo que a jornada aconte\u00e7a em paz.<\/p>\n<hr data-start=\"2086\" data-end=\"2089\" \/>\n<h2 data-start=\"2091\" data-end=\"2149\"><strong data-start=\"2094\" data-end=\"2149\">5. Muitas fam\u00edlias fazem promessas e agradecimentos<\/strong><\/h2>\n<p data-start=\"2150\" data-end=\"2320\">A Folia n\u00e3o \u00e9 apenas uma festa: para muitas fam\u00edlias, ela simboliza <strong data-start=\"2218\" data-end=\"2244\">pagamento de promessas<\/strong>, agradecimento por gra\u00e7as alcan\u00e7adas e pedidos de prote\u00e7\u00e3o para o novo ano.<\/p>\n<hr data-start=\"2322\" data-end=\"2325\" \/>\n<h2 data-start=\"2327\" data-end=\"2381\"><strong data-start=\"2330\" data-end=\"2381\">6. Cada regi\u00e3o do Brasil tem seu estilo pr\u00f3prio<\/strong><\/h2>\n<p data-start=\"2382\" data-end=\"2643\">Na Folia de Reis do Sudeste, por exemplo, h\u00e1 mais elementos da cultura caipira tradicional.<br data-start=\"2473\" data-end=\"2476\" \/>No Centro-Oeste, \u00e9 comum ver influ\u00eancias pantaneiras e ritmos mais acelerados.<br data-start=\"2554\" data-end=\"2557\" \/>Essa diversidade faz da Folia uma das manifesta\u00e7\u00f5es mais ricas do folclore brasileiro.<\/p>\n<hr data-start=\"2645\" data-end=\"2648\" \/>\n<h2 data-start=\"2650\" data-end=\"2702\"><strong data-start=\"2653\" data-end=\"2702\">7. A tradi\u00e7\u00e3o \u00e9 passada de gera\u00e7\u00e3o em gera\u00e7\u00e3o<\/strong><\/h2>\n<p data-start=\"2703\" data-end=\"2912\">Muitos grupos existem h\u00e1 mais de 50 anos, sempre mantidos por fam\u00edlias que ensinam aos filhos, netos e bisnetos a import\u00e2ncia de manter viva essa cultura.<br data-start=\"2857\" data-end=\"2860\" \/>Por isso a Folia atravessa o tempo sem perder for\u00e7a.<\/p>\n<hr data-start=\"2914\" data-end=\"2917\" \/>\n<h2 data-start=\"2919\" data-end=\"2935\"><strong data-start=\"2922\" data-end=\"2935\">Conclus\u00e3o<br \/>\n<img decoding=\"async\" class=\"alignnone size-medium wp-image-9118\" src=\"https:\/\/radioterrafm.com\/site\/wp-content\/uploads\/2025\/11\/imgi_232_folia-de-reis-no-vicentina-aranha_afac-770x433.jpeg\" alt=\"\" width=\"770\" height=\"433\" srcset=\"https:\/\/radioterrafm.com\/site\/wp-content\/uploads\/2025\/11\/imgi_232_folia-de-reis-no-vicentina-aranha_afac-770x433.jpeg 770w, https:\/\/radioterrafm.com\/site\/wp-content\/uploads\/2025\/11\/imgi_232_folia-de-reis-no-vicentina-aranha_afac-1170x658.jpeg 1170w, https:\/\/radioterrafm.com\/site\/wp-content\/uploads\/2025\/11\/imgi_232_folia-de-reis-no-vicentina-aranha_afac-768x432.jpeg 768w, https:\/\/radioterrafm.com\/site\/wp-content\/uploads\/2025\/11\/imgi_232_folia-de-reis-no-vicentina-aranha_afac-1536x864.jpeg 1536w, https:\/\/radioterrafm.com\/site\/wp-content\/uploads\/2025\/11\/imgi_232_folia-de-reis-no-vicentina-aranha_afac.jpeg 1600w\" sizes=\"(max-width: 770px) 100vw, 770px\" \/><br \/>\n<\/strong><\/h2>\n<p data-start=\"2936\" data-end=\"3271\">A Folia de Reis \u00e9 muito mais que uma festa religiosa: \u00e9 um patrim\u00f4nio da cultura caipira que celebra f\u00e9, uni\u00e3o e identidade.<br data-start=\"3060\" data-end=\"3063\" \/>Com m\u00fasicas emocionantes, personagens marcantes e muita tradi\u00e7\u00e3o, ela mostra que as ra\u00edzes do interior continuam firmes \u2014 e seguem encantando quem participa ou apenas acompanha essa bela manifesta\u00e7\u00e3o popular.<\/p>\n","protected":false},"excerpt":{"rendered":"<p>A Folia de Reis \u00e9 uma das mais antigas e aut\u00eanticas tradi\u00e7\u00f5es da cultura caipira brasileira.Presente em diversas cidades do interior, principalmente em Minas Gerais, Goi\u00e1s, Mato Grosso, S\u00e3o Paulo e Paran\u00e1, ela mistura f\u00e9, m\u00fasica, teatro, devo\u00e7\u00e3o e festa popular. Mesmo com o passar das d\u00e9cadas, a Folia de ...<\/p>\n","protected":false},"author":2,"featured_media":9116,"comment_status":"open","ping_status":"open","sticky":false,"template":"","format":"standard","meta":{"pagelayer_contact_templates":[],"_pagelayer_content":"","_jetpack_memberships_contains_paid_content":false,"footnotes":"","jetpack_publicize_message":"","jetpack_publicize_feature_enabled":true,"jetpack_social_post_already_shared":false,"jetpack_social_options":{"image_generator_settings":{"template":"highway","default_image_id":0,"font":"","enabled":false},"version":2}},"categories":[2],"tags":[99,95,96,93,92,94,97,98],"class_list":["post-9112","post","type-post","status-publish","format-standard","has-post-thumbnail","hentry","category-curiosidades","tag-foliadereis","tag-modadeviola","tag-musicasertaneja","tag-radiodemodadeviola","tag-radiodemusicaraiz","tag-radiodemusicasertaneja","tag-radiosertaneja","tag-radiosertanejaonline"],"jetpack_publicize_connections":[],"jetpack_featured_media_url":"https:\/\/radioterrafm.com\/site\/wp-content\/uploads\/2025\/11\/imgi_222_hq720.jpg","jetpack_sharing_enabled":true,"_links":{"self":[{"href":"https:\/\/radioterrafm.com\/site\/wp-json\/wp\/v2\/posts\/9112","targetHints":{"allow":["GET"]}}],"collection":[{"href":"https:\/\/radioterrafm.com\/site\/wp-json\/wp\/v2\/posts"}],"about":[{"href":"https:\/\/radioterrafm.com\/site\/wp-json\/wp\/v2\/types\/post"}],"author":[{"embeddable":true,"href":"https:\/\/radioterrafm.com\/site\/wp-json\/wp\/v2\/users\/2"}],"replies":[{"embeddable":true,"href":"https:\/\/radioterrafm.com\/site\/wp-json\/wp\/v2\/comments?post=9112"}],"version-history":[{"count":1,"href":"https:\/\/radioterrafm.com\/site\/wp-json\/wp\/v2\/posts\/9112\/revisions"}],"predecessor-version":[{"id":9119,"href":"https:\/\/radioterrafm.com\/site\/wp-json\/wp\/v2\/posts\/9112\/revisions\/9119"}],"wp:featuredmedia":[{"embeddable":true,"href":"https:\/\/radioterrafm.com\/site\/wp-json\/wp\/v2\/media\/9116"}],"wp:attachment":[{"href":"https:\/\/radioterrafm.com\/site\/wp-json\/wp\/v2\/media?parent=9112"}],"wp:term":[{"taxonomy":"category","embeddable":true,"href":"https:\/\/radioterrafm.com\/site\/wp-json\/wp\/v2\/categories?post=9112"},{"taxonomy":"post_tag","embeddable":true,"href":"https:\/\/radioterrafm.com\/site\/wp-json\/wp\/v2\/tags?post=9112"}],"curies":[{"name":"wp","href":"https:\/\/api.w.org\/{rel}","templated":true}]}}