{"id":9087,"date":"2025-11-24T08:59:23","date_gmt":"2025-11-24T11:59:23","guid":{"rendered":"https:\/\/radioterrafm.com\/site\/?p=9087"},"modified":"2025-11-24T16:30:04","modified_gmt":"2025-11-24T19:30:04","slug":"voce-sabia-que-ze-rico-construiu-um-castelo-no-interior-de-sao-paulo","status":"publish","type":"post","link":"https:\/\/radioterrafm.com\/site\/2025\/11\/24\/voce-sabia-que-ze-rico-construiu-um-castelo-no-interior-de-sao-paulo\/","title":{"rendered":"Voc\u00ea sabia que Z\u00e9 Rico construiu um Castelo no Interior de S\u00e3o Paulo? Veja Imagens de Dentro"},"content":{"rendered":"<h3 data-start=\"374\" data-end=\"446\"><strong data-start=\"378\" data-end=\"446\">A impressionante hist\u00f3ria de Z\u00e9 Rico e o castelo que virou lenda<\/strong><\/h3>\n<p data-start=\"448\" data-end=\"743\">Z\u00e9 Rico, da ic\u00f4nica dupla <strong data-start=\"474\" data-end=\"498\">Milion\u00e1rio &amp; Z\u00e9 Rico<\/strong>, \u00e9 um dos nomes mais marcantes da m\u00fasica sertaneja brasileira. Com uma carreira de mais de quatro d\u00e9cadas, ele conquistou o pa\u00eds com sua voz poderosa e letras cheias de emo\u00e7\u00e3o \u2014 tanto que ficou conhecido como o <strong data-start=\"710\" data-end=\"742\">\u201cRei das M\u00fasicas Rom\u00e2nticas\u201d<\/strong>.<\/p>\n<p data-start=\"745\" data-end=\"1088\">Nascido como <strong data-start=\"758\" data-end=\"783\">Jos\u00e9 Alves dos Santos<\/strong> em 29 de junho de 1946, no interior do Paran\u00e1, Z\u00e9 Rico teve uma trajet\u00f3ria marcada por trabalho \u00e1rduo e muita paix\u00e3o pela m\u00fasica. Ao lado de Milion\u00e1rio, lan\u00e7ou sucessos eternos como <em data-start=\"966\" data-end=\"985\">\u201cEstrada da Vida\u201d<\/em>, <em data-start=\"987\" data-end=\"998\">\u201cA Carta\u201d<\/em> e <em data-start=\"1001\" data-end=\"1011\">\u201cDecida\u201d<\/em>, can\u00e7\u00f5es que se tornaram verdadeiros hinos sertanejos e atravessam gera\u00e7\u00f5es.<\/p>\n<hr data-start=\"1090\" data-end=\"1093\" \/>\n<h3 data-start=\"1095\" data-end=\"1136\"><strong data-start=\"1099\" data-end=\"1136\">A fortuna constru\u00edda com a m\u00fasica<\/strong><\/h3>\n<p data-start=\"1138\" data-end=\"1505\">Com o sucesso da dupla, Z\u00e9 Rico acumulou uma fortuna impressionante. Estima-se que, ao longo de sua carreira, o cantor tenha conquistado um patrim\u00f4nio milion\u00e1rio, resultado de discos vendidos, shows e direitos autorais. Mesmo sem ostentar publicamente, Z\u00e9 Rico sempre manteve um estilo de vida confort\u00e1vel \u2014 mas um projeto, em especial, chamou aten\u00e7\u00e3o de todo o pa\u00eds.<\/p>\n<hr data-start=\"1507\" data-end=\"1510\" \/>\n<h3 data-start=\"1512\" data-end=\"1570\"><strong data-start=\"1516\" data-end=\"1570\"><img fetchpriority=\"high\" decoding=\"async\" class=\"alignnone size-medium wp-image-9091\" src=\"https:\/\/radioterrafm.com\/site\/wp-content\/uploads\/2025\/11\/imgi_259_347403393_3496834323939332_7925505869307353706_n-616x770.jpeg\" alt=\"\" width=\"616\" height=\"770\" srcset=\"https:\/\/radioterrafm.com\/site\/wp-content\/uploads\/2025\/11\/imgi_259_347403393_3496834323939332_7925505869307353706_n-616x770.jpeg 616w, https:\/\/radioterrafm.com\/site\/wp-content\/uploads\/2025\/11\/imgi_259_347403393_3496834323939332_7925505869307353706_n-937x1170.jpeg 937w, https:\/\/radioterrafm.com\/site\/wp-content\/uploads\/2025\/11\/imgi_259_347403393_3496834323939332_7925505869307353706_n-768x959.jpeg 768w, https:\/\/radioterrafm.com\/site\/wp-content\/uploads\/2025\/11\/imgi_259_347403393_3496834323939332_7925505869307353706_n-1230x1536.jpeg 1230w, https:\/\/radioterrafm.com\/site\/wp-content\/uploads\/2025\/11\/imgi_259_347403393_3496834323939332_7925505869307353706_n.jpeg 1601w\" sizes=\"(max-width: 616px) 100vw, 616px\" \/><br \/>\nO castelo de Z\u00e9 Rico: um sonho que virou realidade<\/strong><\/h3>\n<p data-start=\"1572\" data-end=\"1868\">Em sua cidade de cora\u00e7\u00e3o, <strong data-start=\"1598\" data-end=\"1614\">Limeira (SP)<\/strong>, Z\u00e9 Rico construiu o que ficou conhecido como o <strong data-start=\"1663\" data-end=\"1687\">\u201cCastelo do Z\u00e9 Rico\u201d<\/strong> \u2014 uma verdadeira obra de arte inspirada em constru\u00e7\u00f5es medievais. O im\u00f3vel, avaliado em <strong data-start=\"1776\" data-end=\"1796\">milh\u00f5es de reais<\/strong>, tem torres, vitrais, sal\u00f5es amplos e detalhes arquitet\u00f4nicos \u00fanicos.<\/p>\n<p data-start=\"1870\" data-end=\"2131\">O artista costumava dizer que aquele castelo era o s\u00edmbolo de um <strong data-start=\"1935\" data-end=\"1954\">sonho de menino<\/strong>, e que o construiu para deixar um legado. Ap\u00f3s sua morte, em 2015, o local se tornou ponto tur\u00edstico e at\u00e9 hoje desperta curiosidade de f\u00e3s e visitantes que passam pela regi\u00e3o.<\/p>\n<p><img decoding=\"async\" class=\"alignnone size-medium wp-image-9093\" src=\"https:\/\/radioterrafm.com\/site\/wp-content\/uploads\/2025\/11\/imgi_274_castelo-jose-rico-14-770x427.png\" alt=\"\" width=\"770\" height=\"427\" srcset=\"https:\/\/radioterrafm.com\/site\/wp-content\/uploads\/2025\/11\/imgi_274_castelo-jose-rico-14-770x427.png 770w, https:\/\/radioterrafm.com\/site\/wp-content\/uploads\/2025\/11\/imgi_274_castelo-jose-rico-14-1170x648.png 1170w, https:\/\/radioterrafm.com\/site\/wp-content\/uploads\/2025\/11\/imgi_274_castelo-jose-rico-14-768x426.png 768w, https:\/\/radioterrafm.com\/site\/wp-content\/uploads\/2025\/11\/imgi_274_castelo-jose-rico-14-1536x851.png 1536w, https:\/\/radioterrafm.com\/site\/wp-content\/uploads\/2025\/11\/imgi_274_castelo-jose-rico-14.png 1626w\" sizes=\"(max-width: 770px) 100vw, 770px\" \/><\/p>\n<hr data-start=\"2133\" data-end=\"2136\" \/>\n<h3 data-start=\"2138\" data-end=\"2193\"><strong data-start=\"2142\" data-end=\"2193\">Um legado eterno na m\u00fasica e na cultura popular<\/strong><\/h3>\n<p data-start=\"2195\" data-end=\"2506\">Mesmo ap\u00f3s sua partida, Z\u00e9 Rico continua presente no cora\u00e7\u00e3o dos brasileiros. Sua voz inconfund\u00edvel e seu estilo marcante seguem influenciando novas gera\u00e7\u00f5es de artistas sertanejos. E o castelo, imponente, segue de p\u00e9 \u2014 como um monumento \u00e0 persist\u00eancia e ao talento de um dos maiores \u00eddolos da m\u00fasica sertaneja.<\/p>\n<hr data-start=\"2508\" data-end=\"2511\" \/>\n<h3 data-start=\"2513\" data-end=\"2538\"><strong data-start=\"2517\" data-end=\"2538\">Curiosidade final<\/strong><\/h3>\n<p data-start=\"2539\" data-end=\"2828\">Pouca gente sabe, mas o cantor planejava abrir o castelo ao p\u00fablico, transformando-o em um <strong data-start=\"2630\" data-end=\"2659\">museu da m\u00fasica sertaneja<\/strong>. O projeto acabou n\u00e3o se concretizando, mas a ideia mostra o quanto Z\u00e9 Rico pensava grande \u2014 e sonhava eternizar sua hist\u00f3ria de forma grandiosa, como foi sua carreira.<\/p>\n","protected":false},"excerpt":{"rendered":"<p>A impressionante hist\u00f3ria de Z\u00e9 Rico e o castelo que virou lenda Z\u00e9 Rico, da ic\u00f4nica dupla Milion\u00e1rio &amp; Z\u00e9 Rico, \u00e9 um dos nomes mais marcantes da m\u00fasica sertaneja brasileira. Com uma carreira de mais de quatro d\u00e9cadas, ele conquistou o pa\u00eds com sua voz poderosa e letras cheias ...<\/p>\n","protected":false},"author":2,"featured_media":9090,"comment_status":"open","ping_status":"open","sticky":false,"template":"","format":"standard","meta":{"pagelayer_contact_templates":[],"_pagelayer_content":"","_jetpack_memberships_contains_paid_content":false,"footnotes":"","jetpack_publicize_message":"","jetpack_publicize_feature_enabled":true,"jetpack_social_post_already_shared":false,"jetpack_social_options":{"image_generator_settings":{"template":"highway","default_image_id":0,"font":"","enabled":false},"version":2}},"categories":[2],"tags":[90,95,96,93,92,94,97,98,89],"class_list":["post-9087","post","type-post","status-publish","format-standard","has-post-thumbnail","hentry","category-curiosidades","tag-milionarioejoserico","tag-modadeviola","tag-musicasertaneja","tag-radiodemodadeviola","tag-radiodemusicaraiz","tag-radiodemusicasertaneja","tag-radiosertaneja","tag-radiosertanejaonline","tag-zerico"],"jetpack_publicize_connections":[],"jetpack_featured_media_url":"https:\/\/radioterrafm.com\/site\/wp-content\/uploads\/2025\/11\/imgi_212_a54ddff2-castelojosericocapa-e1763987037358.jpeg","jetpack_sharing_enabled":true,"_links":{"self":[{"href":"https:\/\/radioterrafm.com\/site\/wp-json\/wp\/v2\/posts\/9087","targetHints":{"allow":["GET"]}}],"collection":[{"href":"https:\/\/radioterrafm.com\/site\/wp-json\/wp\/v2\/posts"}],"about":[{"href":"https:\/\/radioterrafm.com\/site\/wp-json\/wp\/v2\/types\/post"}],"author":[{"embeddable":true,"href":"https:\/\/radioterrafm.com\/site\/wp-json\/wp\/v2\/users\/2"}],"replies":[{"embeddable":true,"href":"https:\/\/radioterrafm.com\/site\/wp-json\/wp\/v2\/comments?post=9087"}],"version-history":[{"count":4,"href":"https:\/\/radioterrafm.com\/site\/wp-json\/wp\/v2\/posts\/9087\/revisions"}],"predecessor-version":[{"id":9214,"href":"https:\/\/radioterrafm.com\/site\/wp-json\/wp\/v2\/posts\/9087\/revisions\/9214"}],"wp:featuredmedia":[{"embeddable":true,"href":"https:\/\/radioterrafm.com\/site\/wp-json\/wp\/v2\/media\/9090"}],"wp:attachment":[{"href":"https:\/\/radioterrafm.com\/site\/wp-json\/wp\/v2\/media?parent=9087"}],"wp:term":[{"taxonomy":"category","embeddable":true,"href":"https:\/\/radioterrafm.com\/site\/wp-json\/wp\/v2\/categories?post=9087"},{"taxonomy":"post_tag","embeddable":true,"href":"https:\/\/radioterrafm.com\/site\/wp-json\/wp\/v2\/tags?post=9087"}],"curies":[{"name":"wp","href":"https:\/\/api.w.org\/{rel}","templated":true}]}}