{"id":8919,"date":"2025-11-05T17:24:34","date_gmt":"2025-11-05T17:24:34","guid":{"rendered":"https:\/\/radioterrafm.com\/site\/?p=8919"},"modified":"2025-11-21T16:43:54","modified_gmt":"2025-11-21T19:43:54","slug":"marilia-mendonca-4-anos-de-saudade-da-rainha-da-sofrencia","status":"publish","type":"post","link":"https:\/\/radioterrafm.com\/site\/2025\/11\/05\/marilia-mendonca-4-anos-de-saudade-da-rainha-da-sofrencia\/","title":{"rendered":"Mar\u00edlia Mendon\u00e7a: 4 anos de saudade da Rainha da Sofr\u00eancia"},"content":{"rendered":"<p data-start=\"190\" data-end=\"529\">Neste dia 5 de novembro de 2025, completam-se <strong data-start=\"236\" data-end=\"280\">quatro anos da morte de Mar\u00edlia Mendon\u00e7a<\/strong>, um dos nomes mais marcantes da hist\u00f3ria da m\u00fasica sertaneja brasileira. A cantora, que se tornou s\u00edmbolo de for\u00e7a feminina e dona de uma das vozes mais potentes do pa\u00eds, faleceu em um tr\u00e1gico acidente a\u00e9reo em Caratinga (MG), em 2021, aos 26 anos.<\/p>\n<p data-start=\"531\" data-end=\"753\">Mesmo ap\u00f3s sua partida, <strong data-start=\"555\" data-end=\"609\">Mar\u00edlia segue viva na mem\u00f3ria e no cora\u00e7\u00e3o dos f\u00e3s<\/strong>. Suas m\u00fasicas continuam entre as mais tocadas nas r\u00e1dios e plataformas digitais, e novas gera\u00e7\u00f5es seguem descobrindo sua obra e sua hist\u00f3ria.<\/p>\n<p data-start=\"755\" data-end=\"1034\">Entre os sucessos eternizados est\u00e3o can\u00e7\u00f5es como <strong data-start=\"804\" data-end=\"816\">\u201cInfiel\u201d<\/strong>, <strong data-start=\"818\" data-end=\"841\">\u201cDe Quem \u00c9 a Culpa\u201d<\/strong>, <strong data-start=\"843\" data-end=\"870\">\u201cTodo Mundo Vai Sofrer\u201d<\/strong> e <strong data-start=\"873\" data-end=\"892\">\u201cEu Sei de Cor\u201d<\/strong>, que marcaram uma revolu\u00e7\u00e3o no sertanejo, abrindo espa\u00e7o para o protagonismo feminino em um cen\u00e1rio at\u00e9 ent\u00e3o dominado por duplas masculinas.<\/p>\n<h4 data-start=\"1036\" data-end=\"1064\"><strong data-start=\"1041\" data-end=\"1064\">Legado e homenagens<\/strong><\/h4>\n<p data-start=\"1065\" data-end=\"1395\">Nos \u00faltimos anos, artistas de todo o pa\u00eds t\u00eam prestado homenagens \u00e0 cantora. Em 2025, projetos especiais continuam sendo lan\u00e7ados, incluindo regrava\u00e7\u00f5es e tributos ao estilo inconfund\u00edvel de Mar\u00edlia. Nas redes sociais, f\u00e3s e colegas de profiss\u00e3o publicaram mensagens emocionadas, relembrando momentos marcantes ao lado da artista.<\/p>\n<p data-start=\"1397\" data-end=\"1596\">Al\u00e9m disso, <strong data-start=\"1409\" data-end=\"1458\">o \u201cFen\u00f4meno Mar\u00edlia Mendon\u00e7a\u201d permanece forte<\/strong>: suas m\u00fasicas ultrapassam bilh\u00f5es de reprodu\u00e7\u00f5es nas plataformas, e seu canal oficial no YouTube segue entre os mais acessados do Brasil.<\/p>\n<h4 data-start=\"1598\" data-end=\"1630\"><strong data-start=\"1603\" data-end=\"1630\">A voz que nunca se cala<\/strong><\/h4>\n<p data-start=\"1631\" data-end=\"1899\">Mar\u00edlia Mendon\u00e7a n\u00e3o foi apenas uma cantora. Foi compositora, int\u00e9rprete e s\u00edmbolo de empoderamento. Suas letras sinceras e cheias de emo\u00e7\u00e3o falaram diretamente ao cora\u00e7\u00e3o do p\u00fablico, especialmente das mulheres, que se viam representadas nas hist\u00f3rias que ela contava.<\/p>\n<p data-start=\"1901\" data-end=\"2071\">Hoje, quatro anos depois, o Brasil segue sentindo saudades \u2014 mas tamb\u00e9m celebrando a artista que mudou o rumo da m\u00fasica sertaneja e deixou um legado imposs\u00edvel de apagar.<\/p>\n","protected":false},"excerpt":{"rendered":"<p>Neste dia 5 de novembro de 2025, completam-se quatro anos da morte de Mar\u00edlia Mendon\u00e7a, um dos nomes mais marcantes da hist\u00f3ria da m\u00fasica sertaneja brasileira. A cantora, que se tornou s\u00edmbolo de for\u00e7a feminina e dona de uma das vozes mais potentes do pa\u00eds, faleceu em um tr\u00e1gico acidente ...<\/p>\n","protected":false},"author":2,"featured_media":8922,"comment_status":"open","ping_status":"open","sticky":false,"template":"","format":"standard","meta":{"pagelayer_contact_templates":[],"_pagelayer_content":"","_jetpack_memberships_contains_paid_content":false,"footnotes":"","jetpack_publicize_message":"","jetpack_publicize_feature_enabled":true,"jetpack_social_post_already_shared":false,"jetpack_social_options":{"image_generator_settings":{"template":"highway","default_image_id":0,"font":"","enabled":false},"version":2}},"categories":[67],"tags":[80,95,96,93,92,94,97,98],"class_list":["post-8919","post","type-post","status-publish","format-standard","has-post-thumbnail","hentry","category-saudosismo","tag-marilia-mendonca","tag-modadeviola","tag-musicasertaneja","tag-radiodemodadeviola","tag-radiodemusicaraiz","tag-radiodemusicasertaneja","tag-radiosertaneja","tag-radiosertanejaonline"],"jetpack_publicize_connections":[],"jetpack_featured_media_url":"https:\/\/radioterrafm.com\/site\/wp-content\/uploads\/2025\/11\/c6f16a02-9d1e-41d7-b9d0-c87b3a22b32a.png","jetpack_sharing_enabled":true,"_links":{"self":[{"href":"https:\/\/radioterrafm.com\/site\/wp-json\/wp\/v2\/posts\/8919","targetHints":{"allow":["GET"]}}],"collection":[{"href":"https:\/\/radioterrafm.com\/site\/wp-json\/wp\/v2\/posts"}],"about":[{"href":"https:\/\/radioterrafm.com\/site\/wp-json\/wp\/v2\/types\/post"}],"author":[{"embeddable":true,"href":"https:\/\/radioterrafm.com\/site\/wp-json\/wp\/v2\/users\/2"}],"replies":[{"embeddable":true,"href":"https:\/\/radioterrafm.com\/site\/wp-json\/wp\/v2\/comments?post=8919"}],"version-history":[{"count":1,"href":"https:\/\/radioterrafm.com\/site\/wp-json\/wp\/v2\/posts\/8919\/revisions"}],"predecessor-version":[{"id":8923,"href":"https:\/\/radioterrafm.com\/site\/wp-json\/wp\/v2\/posts\/8919\/revisions\/8923"}],"wp:featuredmedia":[{"embeddable":true,"href":"https:\/\/radioterrafm.com\/site\/wp-json\/wp\/v2\/media\/8922"}],"wp:attachment":[{"href":"https:\/\/radioterrafm.com\/site\/wp-json\/wp\/v2\/media?parent=8919"}],"wp:term":[{"taxonomy":"category","embeddable":true,"href":"https:\/\/radioterrafm.com\/site\/wp-json\/wp\/v2\/categories?post=8919"},{"taxonomy":"post_tag","embeddable":true,"href":"https:\/\/radioterrafm.com\/site\/wp-json\/wp\/v2\/tags?post=8919"}],"curies":[{"name":"wp","href":"https:\/\/api.w.org\/{rel}","templated":true}]}}