{"id":8914,"date":"2025-11-24T08:45:08","date_gmt":"2025-11-24T11:45:08","guid":{"rendered":"https:\/\/radioterrafm.com\/site\/?p=8914"},"modified":"2025-11-24T09:04:32","modified_gmt":"2025-11-24T12:04:32","slug":"descubra-os-nomes-verdadeiros-dos-principais-cantores-sertanejos","status":"publish","type":"post","link":"https:\/\/radioterrafm.com\/site\/2025\/11\/24\/descubra-os-nomes-verdadeiros-dos-principais-cantores-sertanejos\/","title":{"rendered":"Descubra os nomes verdadeiros dos principais cantores sertanejos!"},"content":{"rendered":"<p data-start=\"193\" data-end=\"549\">Voc\u00ea sabia que muitos dos cantores sertanejos que fazem sucesso pelo Brasil afora n\u00e3o usam seus nomes de batismo nos palcos? Assim como em outros estilos musicais, os artistas do sertanejo adotam nomes art\u00edsticos mais curtos, sonoros ou que combinam melhor com o p\u00fablico.<br data-start=\"464\" data-end=\"467\" \/>Confira abaixo o nome verdadeiro de alguns dos maiores \u00eddolos da m\u00fasica sertaneja!<\/p>\n<hr data-start=\"551\" data-end=\"554\" \/>\n<h4 data-start=\"556\" data-end=\"592\"><strong data-start=\"561\" data-end=\"590\">Zez\u00e9 Di Camargo &amp; Luciano<\/strong><\/h4>\n<ul data-start=\"593\" data-end=\"698\">\n<li data-start=\"593\" data-end=\"652\">\n<p data-start=\"595\" data-end=\"652\"><strong data-start=\"595\" data-end=\"614\">Zez\u00e9 Di Camargo<\/strong> se chama <em data-start=\"624\" data-end=\"650\">Mirosmar Jos\u00e9 de Camargo<\/em><\/p>\n<\/li>\n<li data-start=\"653\" data-end=\"698\">\n<p data-start=\"655\" data-end=\"698\"><strong data-start=\"655\" data-end=\"666\">Luciano<\/strong> \u00e9 o <em data-start=\"671\" data-end=\"696\">Welson David de Camargo<\/em><\/p>\n<\/li>\n<\/ul>\n<p data-start=\"700\" data-end=\"816\">Os irm\u00e3os goianos adotaram nomes art\u00edsticos mais f\u00e1ceis de memorizar e que combinam com o estilo rom\u00e2ntico da dupla.<\/p>\n<hr data-start=\"818\" data-end=\"821\" \/>\n<h4 data-start=\"823\" data-end=\"854\"><strong data-start=\"828\" data-end=\"852\">Chit\u00e3ozinho &amp; Xoror\u00f3<\/strong><\/h4>\n<ul data-start=\"855\" data-end=\"929\">\n<li data-start=\"855\" data-end=\"896\">\n<p data-start=\"857\" data-end=\"896\"><strong data-start=\"857\" data-end=\"872\">Chit\u00e3ozinho<\/strong>: <em data-start=\"874\" data-end=\"894\">Jos\u00e9 Lima Sobrinho<\/em><\/p>\n<\/li>\n<li data-start=\"897\" data-end=\"929\">\n<p data-start=\"899\" data-end=\"929\"><strong data-start=\"899\" data-end=\"909\">Xoror\u00f3<\/strong>: <em data-start=\"911\" data-end=\"927\">Durval de Lima<\/em><\/p>\n<\/li>\n<\/ul>\n<p data-start=\"931\" data-end=\"1052\">\u00cdcones da m\u00fasica sertaneja, eles iniciaram a carreira ainda adolescentes e se tornaram refer\u00eancia para diversas gera\u00e7\u00f5es.<\/p>\n<hr data-start=\"1054\" data-end=\"1057\" \/>\n<h4 data-start=\"1059\" data-end=\"1085\"><strong data-start=\"1064\" data-end=\"1083\">Bruno &amp; Marrone<\/strong><\/h4>\n<ul data-start=\"1086\" data-end=\"1169\">\n<li data-start=\"1086\" data-end=\"1128\">\n<p data-start=\"1088\" data-end=\"1128\"><strong data-start=\"1088\" data-end=\"1097\">Bruno<\/strong>: <em data-start=\"1099\" data-end=\"1126\">Vin\u00edcius F\u00e9lix de Miranda<\/em><\/p>\n<\/li>\n<li data-start=\"1129\" data-end=\"1169\">\n<p data-start=\"1131\" data-end=\"1169\"><strong data-start=\"1131\" data-end=\"1142\">Marrone<\/strong>: <em data-start=\"1144\" data-end=\"1167\">Jos\u00e9 Roberto Ferreira<\/em><\/p>\n<\/li>\n<\/ul>\n<p data-start=\"1171\" data-end=\"1270\">A dupla \u00e9 conhecida por sucessos como <em data-start=\"1209\" data-end=\"1227\">\u201cDormi na Pra\u00e7a\u201d<\/em> e continua entre as mais queridas do pa\u00eds.<\/p>\n<hr data-start=\"1272\" data-end=\"1275\" \/>\n<h4 data-start=\"1277\" data-end=\"1302\"><strong data-start=\"1282\" data-end=\"1300\">Jorge &amp; Mateus<\/strong><\/h4>\n<ul data-start=\"1303\" data-end=\"1389\">\n<li data-start=\"1303\" data-end=\"1340\">\n<p data-start=\"1305\" data-end=\"1340\"><strong data-start=\"1305\" data-end=\"1314\">Jorge<\/strong>: <em data-start=\"1316\" data-end=\"1338\">Jorge Alves Barcelos<\/em><\/p>\n<\/li>\n<li data-start=\"1341\" data-end=\"1389\">\n<p data-start=\"1343\" data-end=\"1389\"><strong data-start=\"1343\" data-end=\"1353\">Mateus<\/strong>: <em data-start=\"1355\" data-end=\"1387\">Mateus Pedro Lidu\u00e1rio Oliveira<\/em><\/p>\n<\/li>\n<\/ul>\n<p data-start=\"1391\" data-end=\"1499\">Vindos de Itumbiara (GO), conquistaram o Brasil com o sertanejo universit\u00e1rio e um repert\u00f3rio cheio de hits.<\/p>\n<hr data-start=\"1501\" data-end=\"1504\" \/>\n<h4 data-start=\"1506\" data-end=\"1530\"><strong data-start=\"1511\" data-end=\"1528\">Gusttavo Lima<\/strong><\/h4>\n<p data-start=\"1531\" data-end=\"1676\">O embaixador do sertanejo nasceu com o nome <em data-start=\"1575\" data-end=\"1597\">Nivaldo Batista Lima<\/em>.<br data-start=\"1598\" data-end=\"1601\" \/>Ele adotou \u201cGusttavo\u201d (com dois \u201ct\u201d) por sugest\u00e3o art\u00edstica e numerol\u00f3gica.<\/p>\n<hr data-start=\"1678\" data-end=\"1681\" \/>\n<h4 data-start=\"1683\" data-end=\"1706\"><strong data-start=\"1688\" data-end=\"1704\">Luan Santana<\/strong><\/h4>\n<p data-start=\"1707\" data-end=\"1866\">O astro de <em data-start=\"1718\" data-end=\"1737\">Campo Grande (MS)<\/em> se chama <em data-start=\"1747\" data-end=\"1777\">Luan Rafael Domingos Santana<\/em>.<br data-start=\"1778\" data-end=\"1781\" \/>Nesse caso, ele manteve seu nome verdadeiro, apenas simplificando para uso art\u00edstico.<\/p>\n<hr data-start=\"1868\" data-end=\"1871\" \/>\n<h4 data-start=\"1873\" data-end=\"1900\"><strong data-start=\"1878\" data-end=\"1898\">Maiara &amp; Maraisa<\/strong><\/h4>\n<p data-start=\"1901\" data-end=\"2078\">As g\u00eameas talentosas nasceram como <em data-start=\"1936\" data-end=\"1967\">Maiara Carla Henrique Pereira<\/em> e <em data-start=\"1970\" data-end=\"2002\">Carla Maraisa Henrique Pereira<\/em>.<br data-start=\"2003\" data-end=\"2006\" \/>Apenas inverteram o uso do primeiro nome e tornaram-se sucesso nacional.<\/p>\n<hr data-start=\"2080\" data-end=\"2083\" \/>\n<h4 data-start=\"2085\" data-end=\"2114\"><strong data-start=\"2090\" data-end=\"2112\">Henrique &amp; Juliano<\/strong><\/h4>\n<ul data-start=\"2115\" data-end=\"2211\">\n<li data-start=\"2115\" data-end=\"2164\">\n<p data-start=\"2117\" data-end=\"2164\"><strong data-start=\"2117\" data-end=\"2129\">Henrique<\/strong>: <em data-start=\"2131\" data-end=\"2162\">Ricelly Henrique Tavares Reis<\/em><\/p>\n<\/li>\n<li data-start=\"2165\" data-end=\"2211\">\n<p data-start=\"2167\" data-end=\"2211\"><strong data-start=\"2167\" data-end=\"2178\">Juliano<\/strong>: <em data-start=\"2180\" data-end=\"2209\">Edson Alves dos Reis Junior<\/em><\/p>\n<\/li>\n<\/ul>\n<p data-start=\"2213\" data-end=\"2295\">Os irm\u00e3os de Tocantins conquistaram o p\u00fablico com um estilo rom\u00e2ntico e aut\u00eantico.<\/p>\n<hr data-start=\"2297\" data-end=\"2300\" \/>\n<h4 data-start=\"2302\" data-end=\"2332\"><strong data-start=\"2307\" data-end=\"2330\">Z\u00e9 Neto &amp; Cristiano<\/strong><\/h4>\n<ul data-start=\"2333\" data-end=\"2413\">\n<li data-start=\"2333\" data-end=\"2377\">\n<p data-start=\"2335\" data-end=\"2377\"><strong data-start=\"2335\" data-end=\"2346\">Z\u00e9 Neto<\/strong>: <em data-start=\"2348\" data-end=\"2375\">Jos\u00e9 Toscano Martins Neto<\/em><\/p>\n<\/li>\n<li data-start=\"2378\" data-end=\"2413\">\n<p data-start=\"2380\" data-end=\"2413\"><strong data-start=\"2380\" data-end=\"2393\">Cristiano<\/strong>: <em data-start=\"2395\" data-end=\"2411\">Irineu Vaccari<\/em><\/p>\n<\/li>\n<\/ul>\n<p data-start=\"2415\" data-end=\"2533\">A dupla de S\u00e3o Jos\u00e9 do Rio Preto (SP) virou fen\u00f4meno nas plataformas digitais com sucessos como <em data-start=\"2511\" data-end=\"2532\">\u201cLargado \u00e0s Tra\u00e7as\u201d<\/em>.<\/p>\n<hr data-start=\"2535\" data-end=\"2538\" \/>\n<h4 data-start=\"2540\" data-end=\"2564\"><strong data-start=\"2545\" data-end=\"2562\">Simone Mendes<\/strong><\/h4>\n<p data-start=\"2565\" data-end=\"2675\">Antes da carreira solo, formava a dupla <em data-start=\"2605\" data-end=\"2623\">Simone &amp; Simaria<\/em>.<br data-start=\"2624\" data-end=\"2627\" \/>Seu nome completo \u00e9 <em data-start=\"2647\" data-end=\"2674\">Simone Mendes Rocha Diniz<\/em>.<\/p>\n<hr data-start=\"2677\" data-end=\"2680\" \/>\n<h4 data-start=\"2682\" data-end=\"2699\"><strong data-start=\"2687\" data-end=\"2697\">Daniel<\/strong><\/h4>\n<p data-start=\"2700\" data-end=\"2822\">O eterno rom\u00e2ntico nasceu como <em data-start=\"2731\" data-end=\"2752\">Jos\u00e9 Daniel Camillo<\/em>, e manteve o primeiro nome que o consagrou nas r\u00e1dios de todo o pa\u00eds.<\/p>\n<hr data-start=\"2824\" data-end=\"2827\" \/>\n<p data-start=\"2829\" data-end=\"3073\">Esses s\u00e3o apenas alguns exemplos de como o nome art\u00edstico pode marcar uma carreira. Seja por sonoridade, numerologia ou marketing, o fato \u00e9 que o p\u00fablico abra\u00e7ou esses nomes \u2014 e eles se tornaram parte da hist\u00f3ria da m\u00fasica sertaneja brasileira.<\/p>\n","protected":false},"excerpt":{"rendered":"<p>Voc\u00ea sabia que muitos dos cantores sertanejos que fazem sucesso pelo Brasil afora n\u00e3o usam seus nomes de batismo nos palcos? Assim como em outros estilos musicais, os artistas do sertanejo adotam nomes art\u00edsticos mais curtos, sonoros ou que combinam melhor com o p\u00fablico.Confira abaixo o nome verdadeiro de alguns ...<\/p>\n","protected":false},"author":2,"featured_media":8917,"comment_status":"open","ping_status":"open","sticky":false,"template":"","format":"standard","meta":{"pagelayer_contact_templates":[],"_pagelayer_content":"","_jetpack_memberships_contains_paid_content":false,"footnotes":"","jetpack_publicize_message":"","jetpack_publicize_feature_enabled":true,"jetpack_social_post_already_shared":false,"jetpack_social_options":{"image_generator_settings":{"template":"highway","default_image_id":0,"font":"","enabled":false},"version":2}},"categories":[2],"tags":[95,96,79,93,92,94,97,98],"class_list":["post-8914","post","type-post","status-publish","format-standard","has-post-thumbnail","hentry","category-curiosidades","tag-modadeviola","tag-musicasertaneja","tag-nomesdossertanejos","tag-radiodemodadeviola","tag-radiodemusicaraiz","tag-radiodemusicasertaneja","tag-radiosertaneja","tag-radiosertanejaonline"],"jetpack_publicize_connections":[],"jetpack_featured_media_url":"https:\/\/radioterrafm.com\/site\/wp-content\/uploads\/2025\/11\/imgi_115_Voce-vai-ficar-chocado-ao-descobrir-os-nomes-verdadeiros-desses.webp.jpeg","jetpack_sharing_enabled":true,"_links":{"self":[{"href":"https:\/\/radioterrafm.com\/site\/wp-json\/wp\/v2\/posts\/8914","targetHints":{"allow":["GET"]}}],"collection":[{"href":"https:\/\/radioterrafm.com\/site\/wp-json\/wp\/v2\/posts"}],"about":[{"href":"https:\/\/radioterrafm.com\/site\/wp-json\/wp\/v2\/types\/post"}],"author":[{"embeddable":true,"href":"https:\/\/radioterrafm.com\/site\/wp-json\/wp\/v2\/users\/2"}],"replies":[{"embeddable":true,"href":"https:\/\/radioterrafm.com\/site\/wp-json\/wp\/v2\/comments?post=8914"}],"version-history":[{"count":1,"href":"https:\/\/radioterrafm.com\/site\/wp-json\/wp\/v2\/posts\/8914\/revisions"}],"predecessor-version":[{"id":8918,"href":"https:\/\/radioterrafm.com\/site\/wp-json\/wp\/v2\/posts\/8914\/revisions\/8918"}],"wp:featuredmedia":[{"embeddable":true,"href":"https:\/\/radioterrafm.com\/site\/wp-json\/wp\/v2\/media\/8917"}],"wp:attachment":[{"href":"https:\/\/radioterrafm.com\/site\/wp-json\/wp\/v2\/media?parent=8914"}],"wp:term":[{"taxonomy":"category","embeddable":true,"href":"https:\/\/radioterrafm.com\/site\/wp-json\/wp\/v2\/categories?post=8914"},{"taxonomy":"post_tag","embeddable":true,"href":"https:\/\/radioterrafm.com\/site\/wp-json\/wp\/v2\/tags?post=8914"}],"curies":[{"name":"wp","href":"https:\/\/api.w.org\/{rel}","templated":true}]}}