{"id":8908,"date":"2025-11-04T11:58:42","date_gmt":"2025-11-04T11:58:42","guid":{"rendered":"https:\/\/radioterrafm.com\/site\/?p=8908"},"modified":"2025-11-21T16:42:16","modified_gmt":"2025-11-21T19:42:16","slug":"marrone-celebrou-60-anos-com-festa-luxuosa-em-goiania-veja-o-detalhes","status":"publish","type":"post","link":"https:\/\/radioterrafm.com\/site\/2025\/11\/04\/marrone-celebrou-60-anos-com-festa-luxuosa-em-goiania-veja-o-detalhes\/","title":{"rendered":"Marrone celebrou 60 anos com festa luxuosa em Goi\u00e2nia. Veja os detalhes."},"content":{"rendered":"<p data-start=\"186\" data-end=\"504\">O cantor <strong data-start=\"195\" data-end=\"206\">Marrone<\/strong>, da dupla <strong data-start=\"217\" data-end=\"236\">Bruno &amp; Marrone<\/strong>, comemorou seus <strong data-start=\"253\" data-end=\"272\">60 anos de vida<\/strong> em grande estilo, na noite desta segunda-feira (3), em <strong data-start=\"328\" data-end=\"344\">Goi\u00e2nia (GO)<\/strong>. A celebra\u00e7\u00e3o antecipada marcou o in\u00edcio das comemora\u00e7\u00f5es do anivers\u00e1rio do sertanejo, que completa seis d\u00e9cadas oficialmente no pr\u00f3ximo dia <strong data-start=\"486\" data-end=\"503\">9 de novembro<\/strong>.<\/p>\n<h3 data-start=\"506\" data-end=\"549\">Entrada triunfal e clima de nostalgia<\/h3>\n<p data-start=\"550\" data-end=\"808\">Sempre elegante, Marrone chegou \u00e0 festa em um <strong data-start=\"596\" data-end=\"626\">carro cl\u00e1ssico DeSoto 1928<\/strong>, chamando a aten\u00e7\u00e3o dos convidados e da imprensa. A decora\u00e7\u00e3o do evento seguiu uma linha sofisticada, com <strong data-start=\"733\" data-end=\"765\">tons de preto, prata e cinza<\/strong>, criando um ambiente refinado e festivo.<\/p>\n<p data-start=\"810\" data-end=\"977\">Um <strong data-start=\"813\" data-end=\"831\">palco especial<\/strong> foi montado para que o cantor pudesse se apresentar e emocionar os amigos e familiares com sucessos que marcaram sua trajet\u00f3ria ao lado de Bruno.<\/p>\n<h3 data-start=\"979\" data-end=\"1016\">Convidados e momentos marcantes<\/h3>\n<p data-start=\"1017\" data-end=\"1307\">A comemora\u00e7\u00e3o contou com a presen\u00e7a de diversas personalidades da m\u00fasica sertaneja e do meio art\u00edstico. Um dos momentos mais comentados da noite foi a <strong data-start=\"1168\" data-end=\"1254\">apari\u00e7\u00e3o de Ana Castela e Z\u00e9 Felipe juntos pela primeira vez em p\u00fablico como casal<\/strong>, o que gerou grande repercuss\u00e3o nas redes sociais.<\/p>\n<p data-start=\"1309\" data-end=\"1588\">Entre risadas, homenagens e muita m\u00fasica, Marrone demonstrou gratid\u00e3o pela carreira e pela vida, especialmente ap\u00f3s ter superado um acidente ocorrido em maio deste ano, quando sofreu uma <strong data-start=\"1496\" data-end=\"1532\">queda durante um show em Goi\u00e2nia<\/strong>, trincando cinco costelas e machucando a testa e a m\u00e3o.<\/p>\n<h3 data-start=\"1590\" data-end=\"1627\">Noite de celebra\u00e7\u00e3o e supera\u00e7\u00e3o<\/h3>\n<p data-start=\"1628\" data-end=\"1857\">A festa simbolizou n\u00e3o apenas o anivers\u00e1rio do cantor, mas tamb\u00e9m um momento de <strong data-start=\"1708\" data-end=\"1732\">supera\u00e7\u00e3o e recome\u00e7o<\/strong>. Ap\u00f3s d\u00e9cadas de estrada e in\u00fameros sucessos, Marrone segue como uma das vozes mais queridas da m\u00fasica sertaneja brasileira.<\/p>\n<p data-start=\"1859\" data-end=\"2001\">\u201c<strong data-start=\"1860\" data-end=\"1962\">\u00c9 um novo ciclo. Agrade\u00e7o a Deus, aos f\u00e3s e aos amigos que sempre estiveram comigo nessa caminhada<\/strong>\u201d, declarou o artista durante o evento.<\/p>\n<h3 data-start=\"2003\" data-end=\"2034\">Um marco para o sertanejo<\/h3>\n<p data-start=\"2035\" data-end=\"2282\">Celebrar 60 anos em Goi\u00e2nia, ber\u00e7o da m\u00fasica sertaneja, tornou o momento ainda mais especial. A noite foi marcada por emo\u00e7\u00e3o, reencontros e muita m\u00fasica boa \u2014 uma festa \u00e0 altura da hist\u00f3ria de um dos maiores nomes do sertanejo rom\u00e2ntico do Brasil.<\/p>\n","protected":false},"excerpt":{"rendered":"<p>O cantor Marrone, da dupla Bruno &amp; Marrone, comemorou seus 60 anos de vida em grande estilo, na noite desta segunda-feira (3), em Goi\u00e2nia (GO). A celebra\u00e7\u00e3o antecipada marcou o in\u00edcio das comemora\u00e7\u00f5es do anivers\u00e1rio do sertanejo, que completa seis d\u00e9cadas oficialmente no pr\u00f3ximo dia 9 de novembro. Entrada triunfal ...<\/p>\n","protected":false},"author":2,"featured_media":8911,"comment_status":"open","ping_status":"open","sticky":false,"template":"","format":"standard","meta":{"pagelayer_contact_templates":[],"_pagelayer_content":"","_jetpack_memberships_contains_paid_content":false,"footnotes":"","jetpack_publicize_message":"","jetpack_publicize_feature_enabled":true,"jetpack_social_post_already_shared":false,"jetpack_social_options":{"image_generator_settings":{"template":"highway","default_image_id":0,"font":"","enabled":false},"version":2}},"categories":[4],"tags":[77,78,76,95,96,93,92,94,97,98],"class_list":["post-8908","post","type-post","status-publish","format-standard","has-post-thumbnail","hentry","category-musica","tag-60anosmarrone","tag-brunoemarrone","tag-marrone","tag-modadeviola","tag-musicasertaneja","tag-radiodemodadeviola","tag-radiodemusicaraiz","tag-radiodemusicasertaneja","tag-radiosertaneja","tag-radiosertanejaonline"],"jetpack_publicize_connections":[],"jetpack_featured_media_url":"https:\/\/radioterrafm.com\/site\/wp-content\/uploads\/2025\/11\/imgi_2_ed2ec597-48ac-4d62-999f-a0454b29ffed.jpg","jetpack_sharing_enabled":true,"_links":{"self":[{"href":"https:\/\/radioterrafm.com\/site\/wp-json\/wp\/v2\/posts\/8908","targetHints":{"allow":["GET"]}}],"collection":[{"href":"https:\/\/radioterrafm.com\/site\/wp-json\/wp\/v2\/posts"}],"about":[{"href":"https:\/\/radioterrafm.com\/site\/wp-json\/wp\/v2\/types\/post"}],"author":[{"embeddable":true,"href":"https:\/\/radioterrafm.com\/site\/wp-json\/wp\/v2\/users\/2"}],"replies":[{"embeddable":true,"href":"https:\/\/radioterrafm.com\/site\/wp-json\/wp\/v2\/comments?post=8908"}],"version-history":[{"count":2,"href":"https:\/\/radioterrafm.com\/site\/wp-json\/wp\/v2\/posts\/8908\/revisions"}],"predecessor-version":[{"id":8913,"href":"https:\/\/radioterrafm.com\/site\/wp-json\/wp\/v2\/posts\/8908\/revisions\/8913"}],"wp:featuredmedia":[{"embeddable":true,"href":"https:\/\/radioterrafm.com\/site\/wp-json\/wp\/v2\/media\/8911"}],"wp:attachment":[{"href":"https:\/\/radioterrafm.com\/site\/wp-json\/wp\/v2\/media?parent=8908"}],"wp:term":[{"taxonomy":"category","embeddable":true,"href":"https:\/\/radioterrafm.com\/site\/wp-json\/wp\/v2\/categories?post=8908"},{"taxonomy":"post_tag","embeddable":true,"href":"https:\/\/radioterrafm.com\/site\/wp-json\/wp\/v2\/tags?post=8908"}],"curies":[{"name":"wp","href":"https:\/\/api.w.org\/{rel}","templated":true}]}}