{"id":8826,"date":"2025-11-18T11:31:02","date_gmt":"2025-11-18T14:31:02","guid":{"rendered":"https:\/\/radioterrafm.com\/site\/?p=8826"},"modified":"2025-11-21T16:50:00","modified_gmt":"2025-11-21T19:50:00","slug":"receita-de-arroz-carreteiro-o-prato-das-comitivas","status":"publish","type":"post","link":"https:\/\/radioterrafm.com\/site\/2025\/11\/18\/receita-de-arroz-carreteiro-o-prato-das-comitivas\/","title":{"rendered":"Receita de Arroz Carreteiro &#8211; o Prato das Comitivas."},"content":{"rendered":"<h2 data-start=\"196\" data-end=\"273\">\ud83c\udf72 Receita Tradicional de Arroz Carreteiro \u2014 Sabor das Comitivas do Sert\u00e3o<\/h2>\n<p data-start=\"275\" data-end=\"606\">Quando o assunto \u00e9 <strong data-start=\"294\" data-end=\"320\">comida boa de comitiva<\/strong>, o <strong data-start=\"324\" data-end=\"344\">arroz carreteiro<\/strong> \u00e9 sempre lembrado! Esse prato t\u00edpico nasceu nas viagens dos tropeiros e carreteiros que cruzavam o interior do Brasil, levando mantimentos simples e saborosos. Hoje, \u00e9 presen\u00e7a garantida nas rodas de viola, festas de pe\u00e3o e encontros sertanejos por todo o pa\u00eds.<\/p>\n<hr data-start=\"608\" data-end=\"611\" \/>\n<h3 data-start=\"613\" data-end=\"632\">\ud83d\udd25 Ingredientes<\/h3>\n<ul data-start=\"634\" data-end=\"932\">\n<li data-start=\"634\" data-end=\"656\">\n<p data-start=\"636\" data-end=\"656\">2 x\u00edcaras de arroz<\/p>\n<\/li>\n<li data-start=\"657\" data-end=\"715\">\n<p data-start=\"659\" data-end=\"715\">300 g de carne seca (ou charque) dessalgada e desfiada<\/p>\n<\/li>\n<li data-start=\"716\" data-end=\"751\">\n<p data-start=\"718\" data-end=\"751\">1 lingui\u00e7a calabresa em rodelas<\/p>\n<\/li>\n<li data-start=\"752\" data-end=\"801\">\n<p data-start=\"754\" data-end=\"801\">2 colheres (sopa) de \u00f3leo ou gordura de porco<\/p>\n<\/li>\n<li data-start=\"802\" data-end=\"821\">\n<p data-start=\"804\" data-end=\"821\">1 cebola picada<\/p>\n<\/li>\n<li data-start=\"822\" data-end=\"852\">\n<p data-start=\"824\" data-end=\"852\">2 dentes de alho amassados<\/p>\n<\/li>\n<li data-start=\"853\" data-end=\"872\">\n<p data-start=\"855\" data-end=\"872\">1 tomate picado<\/p>\n<\/li>\n<li data-start=\"873\" data-end=\"897\">\n<p data-start=\"875\" data-end=\"897\">Cheiro-verde a gosto<\/p>\n<\/li>\n<li data-start=\"898\" data-end=\"932\">\n<p data-start=\"900\" data-end=\"932\">Sal e pimenta-do-reino a gosto<\/p>\n<\/li>\n<\/ul>\n<hr data-start=\"934\" data-end=\"937\" \/>\n<h3 data-start=\"939\" data-end=\"961\">\ud83c\udf73 Modo de Preparo<\/h3>\n<ol data-start=\"963\" data-end=\"1382\">\n<li data-start=\"963\" data-end=\"1022\">\n<p data-start=\"966\" data-end=\"1022\"><strong data-start=\"966\" data-end=\"991\">Prepare a carne seca:<\/strong> dessalgue, cozinhe e desfie.<\/p>\n<\/li>\n<li data-start=\"1023\" data-end=\"1109\">\n<p data-start=\"1026\" data-end=\"1109\">Em uma panela grande, aque\u00e7a o \u00f3leo e refogue a <strong data-start=\"1074\" data-end=\"1106\">calabresa, a cebola e o alho<\/strong>.<\/p>\n<\/li>\n<li data-start=\"1110\" data-end=\"1190\">\n<p data-start=\"1113\" data-end=\"1190\">Adicione a <strong data-start=\"1124\" data-end=\"1147\">carne seca desfiada<\/strong> e o <strong data-start=\"1152\" data-end=\"1169\">tomate picado<\/strong>. Deixe dourar bem.<\/p>\n<\/li>\n<li data-start=\"1191\" data-end=\"1249\">\n<p data-start=\"1194\" data-end=\"1249\">Coloque o <strong data-start=\"1204\" data-end=\"1217\">arroz cru<\/strong> e misture para pegar o sabor.<\/p>\n<\/li>\n<li data-start=\"1250\" data-end=\"1327\">\n<p data-start=\"1253\" data-end=\"1327\">Acrescente <strong data-start=\"1264\" data-end=\"1279\">\u00e1gua quente<\/strong> at\u00e9 cobrir e cozinhe at\u00e9 o arroz ficar macio.<\/p>\n<\/li>\n<li data-start=\"1328\" data-end=\"1382\">\n<p data-start=\"1331\" data-end=\"1382\">Finalize com <strong data-start=\"1344\" data-end=\"1360\">cheiro-verde<\/strong> e sirva bem quente!<\/p>\n<\/li>\n<\/ol>\n<hr data-start=\"1384\" data-end=\"1387\" \/>\n<h3 data-start=\"1389\" data-end=\"1412\">\ud83e\udd20 Dica da Comitiva<\/h3>\n<p data-start=\"1413\" data-end=\"1593\">Quer deixar o sabor ainda mais aut\u00eantico?<br data-start=\"1454\" data-end=\"1457\" \/>\ud83d\udc49 Prepare o arroz carreteiro <strong data-start=\"1487\" data-end=\"1528\">no fog\u00e3o a lenha ou no disco de arado<\/strong>, junto com os amigos e uma boa moda de viola tocando ao fundo.<\/p>\n<hr data-start=\"1595\" data-end=\"1598\" \/>\n<h3 data-start=\"1600\" data-end=\"1628\">\ud83d\udc02 S\u00edmbolo das Comitivas<\/h3>\n<p data-start=\"1629\" data-end=\"1859\">O arroz carreteiro \u00e9 mais do que uma refei\u00e7\u00e3o \u2014 \u00e9 <strong data-start=\"1679\" data-end=\"1713\">tradi\u00e7\u00e3o, uni\u00e3o e simplicidade<\/strong>.<br data-start=\"1714\" data-end=\"1717\" \/>Nas comitivas, representa aquele momento de confraterniza\u00e7\u00e3o depois de um longo dia de estrada, cheio de hist\u00f3rias e risadas em volta do fogo.<\/p>\n<hr data-start=\"1861\" data-end=\"1864\" \/>\n<h3 data-start=\"1866\" data-end=\"1918\">\ud83c\udfb5 R\u00e1dio Terra FM \u2014 Onde a Cultura Caipira Vive!<\/h3>\n<p data-start=\"1919\" data-end=\"2038\">Continue acompanhando o portal da <strong data-start=\"1953\" data-end=\"1976\">R\u00e1dio Terra FM 98.1<\/strong>, onde o sabor do sert\u00e3o e a boa m\u00fasica andam sempre juntos!<\/p>\n","protected":false},"excerpt":{"rendered":"<p>\ud83c\udf72 Receita Tradicional de Arroz Carreteiro \u2014 Sabor das Comitivas do Sert\u00e3o Quando o assunto \u00e9 comida boa de comitiva, o arroz carreteiro \u00e9 sempre lembrado! Esse prato t\u00edpico nasceu nas viagens dos tropeiros e carreteiros que cruzavam o interior do Brasil, levando mantimentos simples e saborosos. Hoje, \u00e9 presen\u00e7a ...<\/p>\n","protected":false},"author":2,"featured_media":8829,"comment_status":"open","ping_status":"open","sticky":false,"template":"","format":"standard","meta":{"pagelayer_contact_templates":[],"_pagelayer_content":"","_jetpack_memberships_contains_paid_content":false,"footnotes":"","jetpack_publicize_message":"","jetpack_publicize_feature_enabled":true,"jetpack_social_post_already_shared":false,"jetpack_social_options":{"image_generator_settings":{"template":"highway","default_image_id":0,"font":"","enabled":false},"version":2}},"categories":[3],"tags":[73,74,95,96,93,92,94,97,98,72,75],"class_list":["post-8826","post","type-post","status-publish","format-standard","has-post-thumbnail","hentry","category-geral","tag-arroz-carreteiro","tag-feijao-tropeiro","tag-modadeviola","tag-musicasertaneja","tag-radiodemodadeviola","tag-radiodemusicaraiz","tag-radiodemusicasertaneja","tag-radiosertaneja","tag-radiosertanejaonline","tag-receita-de-arroz-carreteiro","tag-receita-de-feijao-tropeiro"],"jetpack_publicize_connections":[],"jetpack_featured_media_url":"https:\/\/radioterrafm.com\/site\/wp-content\/uploads\/2025\/11\/imgi_223_4979f62ec26f60296ccadd2c45a44ab29c36f210.jpeg","jetpack_sharing_enabled":true,"_links":{"self":[{"href":"https:\/\/radioterrafm.com\/site\/wp-json\/wp\/v2\/posts\/8826","targetHints":{"allow":["GET"]}}],"collection":[{"href":"https:\/\/radioterrafm.com\/site\/wp-json\/wp\/v2\/posts"}],"about":[{"href":"https:\/\/radioterrafm.com\/site\/wp-json\/wp\/v2\/types\/post"}],"author":[{"embeddable":true,"href":"https:\/\/radioterrafm.com\/site\/wp-json\/wp\/v2\/users\/2"}],"replies":[{"embeddable":true,"href":"https:\/\/radioterrafm.com\/site\/wp-json\/wp\/v2\/comments?post=8826"}],"version-history":[{"count":1,"href":"https:\/\/radioterrafm.com\/site\/wp-json\/wp\/v2\/posts\/8826\/revisions"}],"predecessor-version":[{"id":8830,"href":"https:\/\/radioterrafm.com\/site\/wp-json\/wp\/v2\/posts\/8826\/revisions\/8830"}],"wp:featuredmedia":[{"embeddable":true,"href":"https:\/\/radioterrafm.com\/site\/wp-json\/wp\/v2\/media\/8829"}],"wp:attachment":[{"href":"https:\/\/radioterrafm.com\/site\/wp-json\/wp\/v2\/media?parent=8826"}],"wp:term":[{"taxonomy":"category","embeddable":true,"href":"https:\/\/radioterrafm.com\/site\/wp-json\/wp\/v2\/categories?post=8826"},{"taxonomy":"post_tag","embeddable":true,"href":"https:\/\/radioterrafm.com\/site\/wp-json\/wp\/v2\/tags?post=8826"}],"curies":[{"name":"wp","href":"https:\/\/api.w.org\/{rel}","templated":true}]}}