{"id":8818,"date":"2025-10-31T13:11:45","date_gmt":"2025-10-31T13:11:45","guid":{"rendered":"https:\/\/radioterrafm.com\/site\/?p=8818"},"modified":"2025-11-21T16:40:22","modified_gmt":"2025-11-21T19:40:22","slug":"as-10-musicas-sertanejas-raiz-mais-tocadas-da-historia","status":"publish","type":"post","link":"https:\/\/radioterrafm.com\/site\/2025\/10\/31\/as-10-musicas-sertanejas-raiz-mais-tocadas-da-historia\/","title":{"rendered":"As 10 M\u00fasicas Sertanejas Raiz Mais Tocadas da Hist\u00f3ria"},"content":{"rendered":"<h2 data-start=\"189\" data-end=\"251\">\ud83c\udfb6 As 10 M\u00fasicas Sertanejas Raiz Mais Tocadas da Hist\u00f3ria<\/h2>\n<p data-start=\"253\" data-end=\"561\">A m\u00fasica sertaneja raiz \u00e9 parte essencial da cultura brasileira. Com suas letras simples e emocionantes, ela conta hist\u00f3rias do campo, da vida, do amor e das tradi\u00e7\u00f5es do interior. De Ti\u00e3o Carreiro a Tonico &amp; Tinoco, essas can\u00e7\u00f5es marcaram gera\u00e7\u00f5es e continuam vivas at\u00e9 hoje nas r\u00e1dios e cora\u00e7\u00f5es do povo.<\/p>\n<p data-start=\"563\" data-end=\"707\">Selecionamos <strong data-start=\"576\" data-end=\"646\">as 10 m\u00fasicas sertanejas raiz mais tocadas e lembradas da hist\u00f3ria<\/strong>, que representam o verdadeiro esp\u00edrito do sert\u00e3o. Confira:<\/p>\n<hr data-start=\"709\" data-end=\"712\" \/>\n<h3 data-start=\"714\" data-end=\"760\">\ud83e\ude97 <strong data-start=\"721\" data-end=\"760\">1. Menino da Porteira \u2013 S\u00e9rgio Reis<\/strong><\/h3>\n<p data-start=\"761\" data-end=\"935\">Cl\u00e1ssico absoluto, eternizado na voz de S\u00e9rgio Reis, conta a hist\u00f3ria emocionante do menino que abria a porteira para os boiadeiros. Uma das mais amadas de todos os tempos.<\/p>\n<h3 data-start=\"937\" data-end=\"972\">\ud83c\udfb8 <strong data-start=\"944\" data-end=\"972\">2. Chalana \u2013 Almir Sater<\/strong><\/h3>\n<p data-start=\"973\" data-end=\"1130\">Com sua melodia suave, \u201cChalana\u201d \u00e9 s\u00edmbolo da vida simples e da saudade do pantanal. Imortalizada por Almir Sater, \u00e9 uma das mais tocadas em todo o Brasil.<\/p>\n<h3 data-start=\"1132\" data-end=\"1186\">\ud83c\udfb5 <strong data-start=\"1139\" data-end=\"1186\">3. Estrada da Vida \u2013 Milion\u00e1rio &amp; Jos\u00e9 Rico<\/strong><\/h3>\n<p data-start=\"1187\" data-end=\"1302\">Um verdadeiro hino sertanejo, fala sobre os desafios da vida e os sonhos de quem percorre os caminhos do destino.<\/p>\n<h3 data-start=\"1304\" data-end=\"1386\">\ud83e\ude95 <strong data-start=\"1311\" data-end=\"1386\">4. O Menino da Porteira \u2013 Luizinho, Limeira e Zezinha (vers\u00e3o original)<\/strong><\/h3>\n<p data-start=\"1387\" data-end=\"1487\">Antes de S\u00e9rgio Reis, essa can\u00e7\u00e3o j\u00e1 emocionava o Brasil com sua vers\u00e3o original, lan\u00e7ada em 1955.<\/p>\n<h3 data-start=\"1489\" data-end=\"1555\">\ud83c\udfb6 <strong data-start=\"1496\" data-end=\"1555\">5. Boate Azul \u2013 Joaquim &amp; Manoel \/ Matogrosso &amp; Mathias<\/strong><\/h3>\n<p data-start=\"1556\" data-end=\"1679\">Apesar de mais moderna, \u00e9 considerada \u201ccl\u00e1ssico raiz\u201d pela for\u00e7a e emo\u00e7\u00e3o que transmite. Um marco nas festas do interior.<\/p>\n<h3 data-start=\"1681\" data-end=\"1727\">\ud83c\udf3e <strong data-start=\"1688\" data-end=\"1727\">6. Cabocla Tereza \u2013 Tonico &amp; Tinoco<\/strong><\/h3>\n<p data-start=\"1728\" data-end=\"1842\">Uma das m\u00fasicas mais antigas e representativas da m\u00fasica caipira, retrata o drama e a vida simples do sertanejo.<\/p>\n<h3 data-start=\"1844\" data-end=\"1900\">\ud83c\udfbb <strong data-start=\"1851\" data-end=\"1900\">7. Saudade da Minha Terra \u2013 Belmonte &amp; Amara\u00ed<\/strong><\/h3>\n<p data-start=\"1901\" data-end=\"1996\">Um sucesso que fala direto ao cora\u00e7\u00e3o de quem deixou o interior e sente falta da terra natal.<\/p>\n<h3 data-start=\"1998\" data-end=\"2093\">\ud83c\udfa4 <strong data-start=\"2005\" data-end=\"2093\">8. Rio de L\u00e1grimas (Rio de Piracicaba) \u2013 Ti\u00e3o Carreiro, Lourival dos Santos e Piraci<\/strong><\/h3>\n<p data-start=\"2094\" data-end=\"2164\">Uma obra-prima da moda de viola, eternizada na voz de Ti\u00e3o Carreiro.<\/p>\n<h3 data-start=\"2166\" data-end=\"2225\">\ud83d\udc0e <strong data-start=\"2173\" data-end=\"2225\">9. Pagode em Bras\u00edlia \u2013 Ti\u00e3o Carreiro &amp; Pardinho<\/strong><\/h3>\n<p data-start=\"2226\" data-end=\"2329\">O \u201cpai do pagode\u201d sertanejo mostrando o estilo que transformou a m\u00fasica caipira em fen\u00f4meno nacional.<\/p>\n<h3 data-start=\"2331\" data-end=\"2382\">\ud83d\udc94 <strong data-start=\"2338\" data-end=\"2382\">10. Fio de Cabelo \u2013 Chit\u00e3ozinho &amp; Xoror\u00f3<\/strong><\/h3>\n<p data-start=\"2383\" data-end=\"2496\">Representa a transi\u00e7\u00e3o entre o sertanejo raiz e o rom\u00e2ntico, mas ainda carrega a ess\u00eancia do campo e da emo\u00e7\u00e3o.<\/p>\n<hr data-start=\"2498\" data-end=\"2501\" \/>\n<h3 data-start=\"2503\" data-end=\"2525\">\ud83c\udf3b <strong data-start=\"2510\" data-end=\"2525\">Curiosidade<\/strong><\/h3>\n<p data-start=\"2526\" data-end=\"2758\">Sabia que <strong data-start=\"2536\" data-end=\"2555\">Tonico &amp; Tinoco<\/strong> s\u00e3o considerados os artistas mais importantes da m\u00fasica sertaneja raiz? Juntos, eles gravaram mais de <strong data-start=\"2658\" data-end=\"2675\">1.000 m\u00fasicas<\/strong> e venderam cerca de <strong data-start=\"2696\" data-end=\"2721\">150 milh\u00f5es de discos<\/strong>, n\u00fameros impressionantes at\u00e9 hoje!<\/p>\n<hr data-start=\"2760\" data-end=\"2763\" \/>\n<h3 data-start=\"2765\" data-end=\"2785\">\ud83c\udfa7 <strong data-start=\"2772\" data-end=\"2785\">Conclus\u00e3o<\/strong><\/h3>\n<p data-start=\"2786\" data-end=\"2972\">Essas can\u00e7\u00f5es s\u00e3o mais do que sucessos \u2014 s\u00e3o parte da <strong data-start=\"2840\" data-end=\"2876\">mem\u00f3ria cultural do Brasil rural<\/strong>. Cada moda conta uma hist\u00f3ria e preserva as ra\u00edzes de um povo que nunca esquece de onde veio.<\/p>\n","protected":false},"excerpt":{"rendered":"<p>\ud83c\udfb6 As 10 M\u00fasicas Sertanejas Raiz Mais Tocadas da Hist\u00f3ria A m\u00fasica sertaneja raiz \u00e9 parte essencial da cultura brasileira. Com suas letras simples e emocionantes, ela conta hist\u00f3rias do campo, da vida, do amor e das tradi\u00e7\u00f5es do interior. De Ti\u00e3o Carreiro a Tonico &amp; Tinoco, essas can\u00e7\u00f5es marcaram ...<\/p>\n","protected":false},"author":2,"featured_media":8821,"comment_status":"open","ping_status":"open","sticky":false,"template":"","format":"standard","meta":{"pagelayer_contact_templates":[],"_pagelayer_content":"","_jetpack_memberships_contains_paid_content":false,"footnotes":"","jetpack_publicize_message":"","jetpack_publicize_feature_enabled":true,"jetpack_social_post_already_shared":false,"jetpack_social_options":{"image_generator_settings":{"template":"highway","default_image_id":0,"font":"","enabled":false},"version":2}},"categories":[2],"tags":[95,96,93,92,94,97,98],"class_list":["post-8818","post","type-post","status-publish","format-standard","has-post-thumbnail","hentry","category-curiosidades","tag-modadeviola","tag-musicasertaneja","tag-radiodemodadeviola","tag-radiodemusicaraiz","tag-radiodemusicasertaneja","tag-radiosertaneja","tag-radiosertanejaonline"],"jetpack_publicize_connections":[],"jetpack_featured_media_url":"https:\/\/radioterrafm.com\/site\/wp-content\/uploads\/2025\/10\/10-musicas.png","jetpack_sharing_enabled":true,"_links":{"self":[{"href":"https:\/\/radioterrafm.com\/site\/wp-json\/wp\/v2\/posts\/8818","targetHints":{"allow":["GET"]}}],"collection":[{"href":"https:\/\/radioterrafm.com\/site\/wp-json\/wp\/v2\/posts"}],"about":[{"href":"https:\/\/radioterrafm.com\/site\/wp-json\/wp\/v2\/types\/post"}],"author":[{"embeddable":true,"href":"https:\/\/radioterrafm.com\/site\/wp-json\/wp\/v2\/users\/2"}],"replies":[{"embeddable":true,"href":"https:\/\/radioterrafm.com\/site\/wp-json\/wp\/v2\/comments?post=8818"}],"version-history":[{"count":1,"href":"https:\/\/radioterrafm.com\/site\/wp-json\/wp\/v2\/posts\/8818\/revisions"}],"predecessor-version":[{"id":8822,"href":"https:\/\/radioterrafm.com\/site\/wp-json\/wp\/v2\/posts\/8818\/revisions\/8822"}],"wp:featuredmedia":[{"embeddable":true,"href":"https:\/\/radioterrafm.com\/site\/wp-json\/wp\/v2\/media\/8821"}],"wp:attachment":[{"href":"https:\/\/radioterrafm.com\/site\/wp-json\/wp\/v2\/media?parent=8818"}],"wp:term":[{"taxonomy":"category","embeddable":true,"href":"https:\/\/radioterrafm.com\/site\/wp-json\/wp\/v2\/categories?post=8818"},{"taxonomy":"post_tag","embeddable":true,"href":"https:\/\/radioterrafm.com\/site\/wp-json\/wp\/v2\/tags?post=8818"}],"curies":[{"name":"wp","href":"https:\/\/api.w.org\/{rel}","templated":true}]}}