{"id":8773,"date":"2025-10-30T15:47:47","date_gmt":"2025-10-30T15:47:47","guid":{"rendered":"https:\/\/radioterrafm.com\/site\/?p=8773"},"modified":"2025-11-21T16:39:29","modified_gmt":"2025-11-21T19:39:29","slug":"valeria-barros-grava-novo-dvd-com-participacoes-especiais","status":"publish","type":"post","link":"https:\/\/radioterrafm.com\/site\/2025\/10\/30\/valeria-barros-grava-novo-dvd-com-participacoes-especiais\/","title":{"rendered":"Val\u00e9ria Barros grava novo DVD com Participa\u00e7\u00f5es Especiais"},"content":{"rendered":"<h3 data-start=\"120\" data-end=\"197\">\ud83c\udfa4 Val\u00e9ria Barros grava novo DVD e emociona o p\u00fablico com show marcante<\/h3>\n<p data-start=\"199\" data-end=\"515\">A cantora <strong data-start=\"209\" data-end=\"227\">Val\u00e9ria Barros<\/strong>, uma das vozes mais potentes e queridas da m\u00fasica sertaneja, acaba de gravar seu <strong data-start=\"309\" data-end=\"321\">novo DVD<\/strong>, em uma noite repleta de emo\u00e7\u00e3o, talento e grandes surpresas. O projeto marca uma nova fase em sua carreira solo e promete encantar os f\u00e3s com interpreta\u00e7\u00f5es \u00fanicas e participa\u00e7\u00f5es especiais.<\/p>\n<p data-start=\"517\" data-end=\"865\">A grava\u00e7\u00e3o aconteceu em um cen\u00e1rio cuidadosamente preparado, com produ\u00e7\u00e3o moderna e visual impec\u00e1vel, unindo a ess\u00eancia da m\u00fasica sertaneja tradicional com toques contempor\u00e2neos. Val\u00e9ria apresentou um repert\u00f3rio que mistura <strong data-start=\"741\" data-end=\"802\">modas de viola, romantismo e grandes sucessos da carreira<\/strong>, al\u00e9m de m\u00fasicas in\u00e9ditas que prometem se tornar novos hits.<\/p>\n<p data-start=\"867\" data-end=\"1060\">\u201cFoi uma noite inesquec\u00edvel. Cada m\u00fasica foi escolhida com muito carinho, pensando em tudo que vivi at\u00e9 aqui e nas pessoas que sempre me apoiaram\u201d, destacou Val\u00e9ria Barros durante a grava\u00e7\u00e3o.<\/p>\n<p data-start=\"1062\" data-end=\"1420\">Conhecida por sua trajet\u00f3ria marcante na dupla <strong data-start=\"1109\" data-end=\"1127\">As Mineirinhas<\/strong> e, mais tarde, em parceria com <strong data-start=\"1159\" data-end=\"1184\">Jo\u00e3o Bosco &amp; Vin\u00edcius<\/strong> e <strong data-start=\"1187\" data-end=\"1206\">Bruno &amp; Marrone<\/strong>, Val\u00e9ria segue consolidando sua carreira solo com for\u00e7a e autenticidade. O novo DVD refor\u00e7a seu talento e sua presen\u00e7a no cen\u00e1rio sertanejo, mostrando que sua voz continua sendo uma das mais admiradas do g\u00eanero.<\/p>\n<p data-start=\"1422\" data-end=\"1559\">O lan\u00e7amento oficial do DVD est\u00e1 previsto para os pr\u00f3ximos meses, com direito a turn\u00ea e divulga\u00e7\u00e3o nas principais plataformas digitais.<\/p>\n","protected":false},"excerpt":{"rendered":"<p>\ud83c\udfa4 Val\u00e9ria Barros grava novo DVD e emociona o p\u00fablico com show marcante A cantora Val\u00e9ria Barros, uma das vozes mais potentes e queridas da m\u00fasica sertaneja, acaba de gravar seu novo DVD, em uma noite repleta de emo\u00e7\u00e3o, talento e grandes surpresas. O projeto marca uma nova fase em ...<\/p>\n","protected":false},"author":2,"featured_media":8770,"comment_status":"open","ping_status":"open","sticky":false,"template":"","format":"standard","meta":{"pagelayer_contact_templates":[],"_pagelayer_content":"","_jetpack_memberships_contains_paid_content":false,"footnotes":"","jetpack_publicize_message":"","jetpack_publicize_feature_enabled":true,"jetpack_social_post_already_shared":false,"jetpack_social_options":{"image_generator_settings":{"template":"highway","default_image_id":0,"font":"","enabled":false},"version":2}},"categories":[4],"tags":[95,96,93,92,94,97,98,71],"class_list":["post-8773","post","type-post","status-publish","format-standard","has-post-thumbnail","hentry","category-musica","tag-modadeviola","tag-musicasertaneja","tag-radiodemodadeviola","tag-radiodemusicaraiz","tag-radiodemusicasertaneja","tag-radiosertaneja","tag-radiosertanejaonline","tag-valeria-barros"],"jetpack_publicize_connections":[],"jetpack_featured_media_url":"https:\/\/radioterrafm.com\/site\/wp-content\/uploads\/2025\/10\/imgi_11_valeriabarros-churrascocomvaleriabarros-05maio25_tonamidia.jpg","jetpack_sharing_enabled":true,"_links":{"self":[{"href":"https:\/\/radioterrafm.com\/site\/wp-json\/wp\/v2\/posts\/8773","targetHints":{"allow":["GET"]}}],"collection":[{"href":"https:\/\/radioterrafm.com\/site\/wp-json\/wp\/v2\/posts"}],"about":[{"href":"https:\/\/radioterrafm.com\/site\/wp-json\/wp\/v2\/types\/post"}],"author":[{"embeddable":true,"href":"https:\/\/radioterrafm.com\/site\/wp-json\/wp\/v2\/users\/2"}],"replies":[{"embeddable":true,"href":"https:\/\/radioterrafm.com\/site\/wp-json\/wp\/v2\/comments?post=8773"}],"version-history":[{"count":1,"href":"https:\/\/radioterrafm.com\/site\/wp-json\/wp\/v2\/posts\/8773\/revisions"}],"predecessor-version":[{"id":8776,"href":"https:\/\/radioterrafm.com\/site\/wp-json\/wp\/v2\/posts\/8773\/revisions\/8776"}],"wp:featuredmedia":[{"embeddable":true,"href":"https:\/\/radioterrafm.com\/site\/wp-json\/wp\/v2\/media\/8770"}],"wp:attachment":[{"href":"https:\/\/radioterrafm.com\/site\/wp-json\/wp\/v2\/media?parent=8773"}],"wp:term":[{"taxonomy":"category","embeddable":true,"href":"https:\/\/radioterrafm.com\/site\/wp-json\/wp\/v2\/categories?post=8773"},{"taxonomy":"post_tag","embeddable":true,"href":"https:\/\/radioterrafm.com\/site\/wp-json\/wp\/v2\/tags?post=8773"}],"curies":[{"name":"wp","href":"https:\/\/api.w.org\/{rel}","templated":true}]}}