{"id":8767,"date":"2025-10-30T15:46:37","date_gmt":"2025-10-30T15:46:37","guid":{"rendered":"https:\/\/radioterrafm.com\/site\/?p=8767"},"modified":"2025-11-21T16:30:33","modified_gmt":"2025-11-21T19:30:33","slug":"daniel-e-michel-telo-participam-de-nova-novela-da-globo","status":"publish","type":"post","link":"https:\/\/radioterrafm.com\/site\/2025\/10\/30\/daniel-e-michel-telo-participam-de-nova-novela-da-globo\/","title":{"rendered":"Daniel e Michel Tel\u00f3 participam de nova novela da Globo"},"content":{"rendered":"<h2 data-start=\"110\" data-end=\"171\">\ud83c\udfac Daniel e Michel Tel\u00f3 participam de nova novela da Globo<\/h2>\n<p data-start=\"173\" data-end=\"501\">A nova novela das 19h da TV Globo, <strong data-start=\"208\" data-end=\"231\">\u201cCora\u00e7\u00e3o Acelerado\u201d<\/strong>, promete trazer um toque especial do universo sertanejo para a telinha. Entre as surpresas j\u00e1 confirmadas est\u00e3o as participa\u00e7\u00f5es dos cantores <strong data-start=\"374\" data-end=\"384\">Daniel<\/strong> e <strong data-start=\"387\" data-end=\"402\">Michel Tel\u00f3<\/strong>, dois grandes nomes da m\u00fasica brasileira que v\u00e3o abrilhantar a trama com suas presen\u00e7as especiais.<\/p>\n<h3 data-start=\"503\" data-end=\"532\">\ud83c\udf1f Participa\u00e7\u00e3o de Daniel<\/h3>\n<p data-start=\"533\" data-end=\"954\">O cantor <strong data-start=\"542\" data-end=\"552\">Daniel<\/strong>, com uma carreira consagrada no sertanejo rom\u00e2ntico, far\u00e1 uma participa\u00e7\u00e3o especial na novela. Segundo informa\u00e7\u00f5es divulgadas pela emissora, ele contracena com o protagonista <strong data-start=\"728\" data-end=\"741\">Jo\u00e3o Raul<\/strong>, interpretado pelo ator <strong data-start=\"766\" data-end=\"785\">Filipe Bragan\u00e7a<\/strong>.<br data-start=\"786\" data-end=\"789\" \/>Conhecido por seu carisma e talento, Daniel deve aparecer em um momento marcante da hist\u00f3ria, refor\u00e7ando o clima musical e emocional que a trama pretende transmitir.<\/p>\n<h3 data-start=\"956\" data-end=\"996\">\ud83c\udfb6 Michel Tel\u00f3 tamb\u00e9m marca presen\u00e7a<\/h3>\n<p data-start=\"997\" data-end=\"1407\">Outro nome confirmado \u00e9 <strong data-start=\"1021\" data-end=\"1036\">Michel Tel\u00f3<\/strong>, que interpretar\u00e1 a si mesmo em uma cena que promete emocionar os f\u00e3s. O cantor aparece em uma <strong data-start=\"1132\" data-end=\"1154\">roda de viola raiz<\/strong>, num ambiente r\u00fastico e cheio de refer\u00eancias \u00e0 cultura sertaneja.<br data-start=\"1220\" data-end=\"1223\" \/>Tel\u00f3, que j\u00e1 \u00e9 presen\u00e7a frequente na TV por conta de sua trajet\u00f3ria no <em data-start=\"1294\" data-end=\"1312\">The Voice Brasil<\/em>, agora leva seu talento para a dramaturgia em uma participa\u00e7\u00e3o que promete encantar o p\u00fablico.<\/p>\n<h3 data-start=\"1409\" data-end=\"1430\">\ud83d\udcfa Sobre a novela<\/h3>\n<p data-start=\"1431\" data-end=\"1795\">A trama de <strong data-start=\"1442\" data-end=\"1465\">\u201cCora\u00e7\u00e3o Acelerado\u201d<\/strong> tem previs\u00e3o de estreia para <strong data-start=\"1495\" data-end=\"1514\">janeiro de 2026<\/strong>, no hor\u00e1rio das 19h.<br data-start=\"1535\" data-end=\"1538\" \/>Escrita por <strong data-start=\"1550\" data-end=\"1572\">Izabel de Oliveira<\/strong> e <strong data-start=\"1575\" data-end=\"1602\">Maria Helena Nascimento<\/strong>, a novela vai explorar hist\u00f3rias de amor, supera\u00e7\u00e3o e, claro, muita m\u00fasica. Al\u00e9m de Daniel e Michel Tel\u00f3, outros artistas ligados ao sertanejo tamb\u00e9m devem aparecer em participa\u00e7\u00f5es especiais.<\/p>\n<h3 data-start=\"1797\" data-end=\"1828\">\ud83d\udcac Um toque sertanejo na TV<\/h3>\n<p data-start=\"1829\" data-end=\"2117\">Com essas participa\u00e7\u00f5es, a Globo aposta em <strong data-start=\"1872\" data-end=\"1928\">aproximar a dramaturgia da m\u00fasica popular brasileira<\/strong>, valorizando o g\u00eanero sertanejo e levando para as telas a emo\u00e7\u00e3o que ele representa.<br data-start=\"2013\" data-end=\"2016\" \/>Para os f\u00e3s de Daniel, Michel Tel\u00f3 e da boa m\u00fasica caipira, a nova novela promete ser um prato cheio!<\/p>\n","protected":false},"excerpt":{"rendered":"<p>\ud83c\udfac Daniel e Michel Tel\u00f3 participam de nova novela da Globo A nova novela das 19h da TV Globo, \u201cCora\u00e7\u00e3o Acelerado\u201d, promete trazer um toque especial do universo sertanejo para a telinha. Entre as surpresas j\u00e1 confirmadas est\u00e3o as participa\u00e7\u00f5es dos cantores Daniel e Michel Tel\u00f3, dois grandes nomes da ...<\/p>\n","protected":false},"author":2,"featured_media":8771,"comment_status":"open","ping_status":"open","sticky":false,"template":"","format":"standard","meta":{"pagelayer_contact_templates":[],"_pagelayer_content":"","_jetpack_memberships_contains_paid_content":false,"footnotes":"","jetpack_publicize_message":"","jetpack_publicize_feature_enabled":true,"jetpack_social_post_already_shared":false,"jetpack_social_options":{"image_generator_settings":{"template":"highway","default_image_id":0,"font":"","enabled":false},"version":2}},"categories":[4],"tags":[70,95,96,93,92,94,97,98],"class_list":["post-8767","post","type-post","status-publish","format-standard","has-post-thumbnail","hentry","category-musica","tag-michel-telo","tag-modadeviola","tag-musicasertaneja","tag-radiodemodadeviola","tag-radiodemusicaraiz","tag-radiodemusicasertaneja","tag-radiosertaneja","tag-radiosertanejaonline"],"jetpack_publicize_connections":[],"jetpack_featured_media_url":"https:\/\/radioterrafm.com\/site\/wp-content\/uploads\/2025\/10\/imgi_152_sddefault-e1761839187676.jpg","jetpack_sharing_enabled":true,"_links":{"self":[{"href":"https:\/\/radioterrafm.com\/site\/wp-json\/wp\/v2\/posts\/8767","targetHints":{"allow":["GET"]}}],"collection":[{"href":"https:\/\/radioterrafm.com\/site\/wp-json\/wp\/v2\/posts"}],"about":[{"href":"https:\/\/radioterrafm.com\/site\/wp-json\/wp\/v2\/types\/post"}],"author":[{"embeddable":true,"href":"https:\/\/radioterrafm.com\/site\/wp-json\/wp\/v2\/users\/2"}],"replies":[{"embeddable":true,"href":"https:\/\/radioterrafm.com\/site\/wp-json\/wp\/v2\/comments?post=8767"}],"version-history":[{"count":1,"href":"https:\/\/radioterrafm.com\/site\/wp-json\/wp\/v2\/posts\/8767\/revisions"}],"predecessor-version":[{"id":8772,"href":"https:\/\/radioterrafm.com\/site\/wp-json\/wp\/v2\/posts\/8767\/revisions\/8772"}],"wp:featuredmedia":[{"embeddable":true,"href":"https:\/\/radioterrafm.com\/site\/wp-json\/wp\/v2\/media\/8771"}],"wp:attachment":[{"href":"https:\/\/radioterrafm.com\/site\/wp-json\/wp\/v2\/media?parent=8767"}],"wp:term":[{"taxonomy":"category","embeddable":true,"href":"https:\/\/radioterrafm.com\/site\/wp-json\/wp\/v2\/categories?post=8767"},{"taxonomy":"post_tag","embeddable":true,"href":"https:\/\/radioterrafm.com\/site\/wp-json\/wp\/v2\/tags?post=8767"}],"curies":[{"name":"wp","href":"https:\/\/api.w.org\/{rel}","templated":true}]}}