{"id":8762,"date":"2025-10-30T15:32:10","date_gmt":"2025-10-30T15:32:10","guid":{"rendered":"https:\/\/radioterrafm.com\/site\/?p=8762"},"modified":"2025-11-21T16:28:16","modified_gmt":"2025-11-21T19:28:16","slug":"festival-cafe-cachaca-e-viola-celebra-a-cultura-caipira-em-campinas","status":"publish","type":"post","link":"https:\/\/radioterrafm.com\/site\/2025\/10\/30\/festival-cafe-cachaca-e-viola-celebra-a-cultura-caipira-em-campinas\/","title":{"rendered":"Festival Caf\u00e9, Cacha\u00e7a e Viola celebra a cultura caipira em Campinas"},"content":{"rendered":"<h3 data-start=\"109\" data-end=\"184\">\ud83c\udfb6 Festival Caf\u00e9, Cacha\u00e7a e Viola celebra a cultura caipira em Campinas<\/h3>\n<p data-start=\"186\" data-end=\"487\">O m\u00eas de outubro est\u00e1 repleto de boa m\u00fasica e tradi\u00e7\u00e3o no interior paulista. No dia <strong data-start=\"270\" data-end=\"287\">11 de outubro<\/strong>, a cidade de <strong data-start=\"301\" data-end=\"318\">Campinas (SP)<\/strong> ser\u00e1 palco do <strong data-start=\"333\" data-end=\"367\">Festival Caf\u00e9, Cacha\u00e7a e Viola<\/strong>, um evento que promete reunir o melhor da <strong data-start=\"410\" data-end=\"429\">cultura caipira<\/strong>, da <strong data-start=\"434\" data-end=\"456\">gastronomia t\u00edpica<\/strong> e da <strong data-start=\"462\" data-end=\"486\">m\u00fasica de viola raiz<\/strong>.<\/p>\n<p data-start=\"489\" data-end=\"848\">Realizado na <strong data-start=\"502\" data-end=\"524\">Pra\u00e7a Carlos Gomes<\/strong>, no centro da cidade, o festival come\u00e7a a partir das <strong data-start=\"578\" data-end=\"594\">11h da manh\u00e3<\/strong>, com entrada <strong data-start=\"608\" data-end=\"620\">gratuita<\/strong>. O p\u00fablico poder\u00e1 aproveitar um dia inteiro de apresenta\u00e7\u00f5es musicais, exposi\u00e7\u00e3o de produtos regionais, degusta\u00e7\u00e3o de caf\u00e9s especiais, cacha\u00e7as artesanais e uma feira de economia criativa com artesanato e culin\u00e1ria tradicional.<\/p>\n<p data-start=\"850\" data-end=\"1170\">O <strong data-start=\"852\" data-end=\"886\">Festival Caf\u00e9, Cacha\u00e7a e Viola<\/strong> tem como objetivo valorizar as tradi\u00e7\u00f5es do interior e manter viva a ess\u00eancia da m\u00fasica caipira, reunindo artistas, violeiros e apreciadores da cultura sertaneja raiz. O evento tamb\u00e9m busca promover os produtores locais, destacando o sabor e a qualidade dos produtos feitos no campo.<\/p>\n<p data-start=\"1172\" data-end=\"1341\">Al\u00e9m da m\u00fasica e da gastronomia, o festival \u00e9 uma verdadeira celebra\u00e7\u00e3o da identidade cultural paulista, reunindo fam\u00edlias, amigos e amantes da vida simples do interior.<\/p>\n<p data-start=\"1343\" data-end=\"1466\">\ud83d\udccd <strong data-start=\"1346\" data-end=\"1356\">Local:<\/strong> Pra\u00e7a Carlos Gomes \u2013 Centro, Campinas (SP)<br data-start=\"1399\" data-end=\"1402\" \/>\ud83d\udcc5 <strong data-start=\"1405\" data-end=\"1414\">Data:<\/strong> 11 de outubro de 2025<br data-start=\"1436\" data-end=\"1439\" \/>\ud83c\udf9f\ufe0f <strong data-start=\"1443\" data-end=\"1455\">Entrada:<\/strong> Gratuita<\/p>\n","protected":false},"excerpt":{"rendered":"<p>\ud83c\udfb6 Festival Caf\u00e9, Cacha\u00e7a e Viola celebra a cultura caipira em Campinas O m\u00eas de outubro est\u00e1 repleto de boa m\u00fasica e tradi\u00e7\u00e3o no interior paulista. No dia 11 de outubro, a cidade de Campinas (SP) ser\u00e1 palco do Festival Caf\u00e9, Cacha\u00e7a e Viola, um evento que promete reunir o ...<\/p>\n","protected":false},"author":2,"featured_media":8765,"comment_status":"open","ping_status":"open","sticky":false,"template":"","format":"standard","meta":{"pagelayer_contact_templates":[],"_pagelayer_content":"","_jetpack_memberships_contains_paid_content":false,"footnotes":"","jetpack_publicize_message":"","jetpack_publicize_feature_enabled":true,"jetpack_social_post_already_shared":false,"jetpack_social_options":{"image_generator_settings":{"template":"highway","default_image_id":0,"font":"","enabled":false},"version":2}},"categories":[3],"tags":[95,96,93,92,94,97,98],"class_list":["post-8762","post","type-post","status-publish","format-standard","has-post-thumbnail","hentry","category-geral","tag-modadeviola","tag-musicasertaneja","tag-radiodemodadeviola","tag-radiodemusicaraiz","tag-radiodemusicasertaneja","tag-radiosertaneja","tag-radiosertanejaonline"],"jetpack_publicize_connections":[],"jetpack_featured_media_url":"https:\/\/radioterrafm.com\/site\/wp-content\/uploads\/2025\/10\/imgi_70_images.jpg","jetpack_sharing_enabled":true,"_links":{"self":[{"href":"https:\/\/radioterrafm.com\/site\/wp-json\/wp\/v2\/posts\/8762","targetHints":{"allow":["GET"]}}],"collection":[{"href":"https:\/\/radioterrafm.com\/site\/wp-json\/wp\/v2\/posts"}],"about":[{"href":"https:\/\/radioterrafm.com\/site\/wp-json\/wp\/v2\/types\/post"}],"author":[{"embeddable":true,"href":"https:\/\/radioterrafm.com\/site\/wp-json\/wp\/v2\/users\/2"}],"replies":[{"embeddable":true,"href":"https:\/\/radioterrafm.com\/site\/wp-json\/wp\/v2\/comments?post=8762"}],"version-history":[{"count":1,"href":"https:\/\/radioterrafm.com\/site\/wp-json\/wp\/v2\/posts\/8762\/revisions"}],"predecessor-version":[{"id":8766,"href":"https:\/\/radioterrafm.com\/site\/wp-json\/wp\/v2\/posts\/8762\/revisions\/8766"}],"wp:featuredmedia":[{"embeddable":true,"href":"https:\/\/radioterrafm.com\/site\/wp-json\/wp\/v2\/media\/8765"}],"wp:attachment":[{"href":"https:\/\/radioterrafm.com\/site\/wp-json\/wp\/v2\/media?parent=8762"}],"wp:term":[{"taxonomy":"category","embeddable":true,"href":"https:\/\/radioterrafm.com\/site\/wp-json\/wp\/v2\/categories?post=8762"},{"taxonomy":"post_tag","embeddable":true,"href":"https:\/\/radioterrafm.com\/site\/wp-json\/wp\/v2\/tags?post=8762"}],"curies":[{"name":"wp","href":"https:\/\/api.w.org\/{rel}","templated":true}]}}