{"id":8757,"date":"2025-10-30T15:26:44","date_gmt":"2025-10-30T15:26:44","guid":{"rendered":"https:\/\/radioterrafm.com\/site\/?p=8757"},"modified":"2025-11-21T16:27:05","modified_gmt":"2025-11-21T19:27:05","slug":"conheca-a-historia-da-musica-menino-da-porteira","status":"publish","type":"post","link":"https:\/\/radioterrafm.com\/site\/2025\/10\/30\/conheca-a-historia-da-musica-menino-da-porteira\/","title":{"rendered":"Conhe\u00e7a a Hist\u00f3ria da M\u00fasica \u201cMenino da Porteira\u201d"},"content":{"rendered":"<h3 data-start=\"117\" data-end=\"209\">\ud83c\udfb5 A Hist\u00f3ria da Can\u00e7\u00e3o \u201cMenino da Porteira\u201d: Um Cl\u00e1ssico da M\u00fasica Sertaneja Brasileira<\/h3>\n<p data-start=\"211\" data-end=\"413\">Poucas can\u00e7\u00f5es representam t\u00e3o bem a alma da m\u00fasica sertaneja quanto <strong data-start=\"280\" data-end=\"304\">\u201cMenino da Porteira\u201d<\/strong>, uma verdadeira joia do cancioneiro popular que atravessa gera\u00e7\u00f5es emocionando quem ama a cultura caipira.<\/p>\n<p data-start=\"415\" data-end=\"737\">A m\u00fasica foi composta por <strong data-start=\"441\" data-end=\"481\">Luizinho, Teddy Vieira e Raul Torres<\/strong>, e lan\u00e7ada originalmente na d\u00e9cada de <strong data-start=\"520\" data-end=\"528\">1950<\/strong>, com o lend\u00e1rio <strong data-start=\"545\" data-end=\"560\">S\u00e9rgio Reis<\/strong> sendo o respons\u00e1vel pela grava\u00e7\u00e3o mais famosa, eternizada em 1973. Desde ent\u00e3o, o sucesso se espalhou por todo o Brasil e tornou-se um dos maiores hinos do sertanejo de raiz.<\/p>\n<h4 data-start=\"739\" data-end=\"786\">\ud83c\udf3e Uma Hist\u00f3ria de Emo\u00e7\u00e3o e Simplicidade<\/h4>\n<p data-start=\"787\" data-end=\"1124\">A letra conta a hist\u00f3ria de um <strong data-start=\"818\" data-end=\"831\">boiadeiro<\/strong> que, em suas viagens pelo interior, \u00e9 recebido por um <strong data-start=\"886\" data-end=\"916\">menino que abre a porteira<\/strong> toda vez que ele passa. Em cada reencontro, o la\u00e7o de amizade entre os dois cresce, at\u00e9 que, tragicamente, o boiadeiro descobre que o menino morreu ao tentar abrir a porteira durante uma de suas passagens.<\/p>\n<p data-start=\"1126\" data-end=\"1307\">Com simplicidade e emo\u00e7\u00e3o, a can\u00e7\u00e3o retrata o <strong data-start=\"1172\" data-end=\"1239\">universo rural, o companheirismo e a inoc\u00eancia da vida no campo<\/strong>, tocando o cora\u00e7\u00e3o de quem viveu ou sonha com a vida no interior.<\/p>\n<h4 data-start=\"1309\" data-end=\"1341\">\ud83c\udfac Do R\u00e1dio para o Cinema<\/h4>\n<p data-start=\"1342\" data-end=\"1670\">O sucesso foi t\u00e3o grande que, em <strong data-start=\"1375\" data-end=\"1383\">1977<\/strong>, a hist\u00f3ria virou filme. Estrelado por <strong data-start=\"1423\" data-end=\"1438\">S\u00e9rgio Reis<\/strong> e <strong data-start=\"1441\" data-end=\"1457\">Jofre Soares<\/strong>, o longa-metragem \u201cO Menino da Porteira\u201d se tornou um cl\u00e1ssico do cinema sertanejo, e teve uma <strong data-start=\"1553\" data-end=\"1584\">nova vers\u00e3o lan\u00e7ada em 2009<\/strong>, novamente com S\u00e9rgio Reis e o ator <strong data-start=\"1621\" data-end=\"1644\">Jo\u00e3o Pedro Carvalho<\/strong> interpretando o menino.<\/p>\n<h4 data-start=\"1672\" data-end=\"1697\">\ud83c\udfb6 Um Hino Imortal<\/h4>\n<p data-start=\"1698\" data-end=\"2023\">D\u00e9cadas depois, \u201cMenino da Porteira\u201d continua sendo cantada por artistas de diferentes gera\u00e7\u00f5es, como <strong data-start=\"1800\" data-end=\"1856\">Milion\u00e1rio &amp; Jos\u00e9 Rico, Chit\u00e3ozinho &amp; Xoror\u00f3, Daniel<\/strong> e tantos outros. A m\u00fasica ultrapassou o tempo e segue viva nas r\u00e1dios, nos rodeios e nas festas do interior, mantendo acesa a chama da <strong data-start=\"1992\" data-end=\"2020\">m\u00fasica caipira aut\u00eantica<\/strong>.<\/p>\n<p data-start=\"2025\" data-end=\"2202\">Mais do que uma can\u00e7\u00e3o, <strong data-start=\"2049\" data-end=\"2106\">\u201cMenino da Porteira\u201d \u00e9 um s\u00edmbolo da emo\u00e7\u00e3o sertaneja<\/strong> \u2014 uma lembran\u00e7a eterna de que as hist\u00f3rias simples do interior continuam encantando o Brasil.<\/p>\n","protected":false},"excerpt":{"rendered":"<p>\ud83c\udfb5 A Hist\u00f3ria da Can\u00e7\u00e3o \u201cMenino da Porteira\u201d: Um Cl\u00e1ssico da M\u00fasica Sertaneja Brasileira Poucas can\u00e7\u00f5es representam t\u00e3o bem a alma da m\u00fasica sertaneja quanto \u201cMenino da Porteira\u201d, uma verdadeira joia do cancioneiro popular que atravessa gera\u00e7\u00f5es emocionando quem ama a cultura caipira. A m\u00fasica foi composta por Luizinho, Teddy ...<\/p>\n","protected":false},"author":2,"featured_media":8760,"comment_status":"open","ping_status":"open","sticky":false,"template":"","format":"standard","meta":{"pagelayer_contact_templates":[],"_pagelayer_content":"","_jetpack_memberships_contains_paid_content":false,"footnotes":"","jetpack_publicize_message":"","jetpack_publicize_feature_enabled":true,"jetpack_social_post_already_shared":false,"jetpack_social_options":{"image_generator_settings":{"template":"highway","default_image_id":0,"font":"","enabled":false},"version":2}},"categories":[2],"tags":[69,95,96,93,92,94,97,98],"class_list":["post-8757","post","type-post","status-publish","format-standard","has-post-thumbnail","hentry","category-curiosidades","tag-menino-da-porteira","tag-modadeviola","tag-musicasertaneja","tag-radiodemodadeviola","tag-radiodemusicaraiz","tag-radiodemusicasertaneja","tag-radiosertaneja","tag-radiosertanejaonline"],"jetpack_publicize_connections":[],"jetpack_featured_media_url":"https:\/\/radioterrafm.com\/site\/wp-content\/uploads\/2025\/10\/imgi_86_a270766-o_menino_da_porteira_estatua-1024x768-1.jpg","jetpack_sharing_enabled":true,"_links":{"self":[{"href":"https:\/\/radioterrafm.com\/site\/wp-json\/wp\/v2\/posts\/8757","targetHints":{"allow":["GET"]}}],"collection":[{"href":"https:\/\/radioterrafm.com\/site\/wp-json\/wp\/v2\/posts"}],"about":[{"href":"https:\/\/radioterrafm.com\/site\/wp-json\/wp\/v2\/types\/post"}],"author":[{"embeddable":true,"href":"https:\/\/radioterrafm.com\/site\/wp-json\/wp\/v2\/users\/2"}],"replies":[{"embeddable":true,"href":"https:\/\/radioterrafm.com\/site\/wp-json\/wp\/v2\/comments?post=8757"}],"version-history":[{"count":1,"href":"https:\/\/radioterrafm.com\/site\/wp-json\/wp\/v2\/posts\/8757\/revisions"}],"predecessor-version":[{"id":8761,"href":"https:\/\/radioterrafm.com\/site\/wp-json\/wp\/v2\/posts\/8757\/revisions\/8761"}],"wp:featuredmedia":[{"embeddable":true,"href":"https:\/\/radioterrafm.com\/site\/wp-json\/wp\/v2\/media\/8760"}],"wp:attachment":[{"href":"https:\/\/radioterrafm.com\/site\/wp-json\/wp\/v2\/media?parent=8757"}],"wp:term":[{"taxonomy":"category","embeddable":true,"href":"https:\/\/radioterrafm.com\/site\/wp-json\/wp\/v2\/categories?post=8757"},{"taxonomy":"post_tag","embeddable":true,"href":"https:\/\/radioterrafm.com\/site\/wp-json\/wp\/v2\/tags?post=8757"}],"curies":[{"name":"wp","href":"https:\/\/api.w.org\/{rel}","templated":true}]}}