{"id":8747,"date":"2025-10-30T14:58:16","date_gmt":"2025-10-30T14:58:16","guid":{"rendered":"https:\/\/radioterrafm.com\/site\/?p=8747"},"modified":"2025-11-21T16:22:16","modified_gmt":"2025-11-21T19:22:16","slug":"parana-lanca-novo-dvd-o-canto-do-canario-veja-os-detalhes","status":"publish","type":"post","link":"https:\/\/radioterrafm.com\/site\/2025\/10\/30\/parana-lanca-novo-dvd-o-canto-do-canario-veja-os-detalhes\/","title":{"rendered":"Paran\u00e1 lan\u00e7a novo DVD \u201cO Canto do Can\u00e1rio. Veja os Detalhes."},"content":{"rendered":"<h2 data-start=\"180\" data-end=\"280\">\ud83c\udfb6 Paran\u00e1 lan\u00e7a novo DVD \u201cO Canto do Can\u00e1rio \u2013 Ao Vivo\u201d e emociona f\u00e3s da m\u00fasica sertaneja raiz<\/h2>\n<p data-start=\"282\" data-end=\"660\">O cantor <strong data-start=\"291\" data-end=\"301\">Paran\u00e1<\/strong>, um dos grandes nomes da m\u00fasica sertaneja, lan\u00e7ou oficialmente no dia <strong data-start=\"372\" data-end=\"397\">23 de outubro de 2025<\/strong> o seu novo DVD solo intitulado <strong data-start=\"429\" data-end=\"463\">\u201cO Canto do Can\u00e1rio \u2013 Ao Vivo\u201d<\/strong>. O projeto marca uma nova fase na carreira do artista, que conquistou o Brasil ao lado do saudoso <strong data-start=\"562\" data-end=\"575\">Chico Rey<\/strong>, e agora celebra sua trajet\u00f3ria com um trabalho repleto de emo\u00e7\u00e3o e autenticidade.<\/p>\n<p data-start=\"662\" data-end=\"952\">Gravado ao vivo, o DVD traz um repert\u00f3rio cuidadosamente escolhido para resgatar a ess\u00eancia da m\u00fasica sertaneja de raiz. Com arranjos modernos, mas mantendo o toque tradicional do campo, Paran\u00e1 entrega interpreta\u00e7\u00f5es que remetem \u00e0 saudade, \u00e0 simplicidade e ao amor pela cultura sertaneja.<\/p>\n<p data-start=\"954\" data-end=\"1234\">Entre os grandes momentos do \u00e1lbum est\u00e1 a emocionante regrava\u00e7\u00e3o do cl\u00e1ssico <strong data-start=\"1031\" data-end=\"1058\">\u201cCanarinho Prisioneiro\u201d<\/strong>, que tem arrancado elogios do p\u00fablico e da cr\u00edtica. A faixa representa o esp\u00edrito do projeto: um tributo \u00e0 tradi\u00e7\u00e3o, \u00e0 mem\u00f3ria e \u00e0 for\u00e7a do sertanejo que atravessa gera\u00e7\u00f5es.<\/p>\n<blockquote data-start=\"1236\" data-end=\"1347\">\n<p data-start=\"1238\" data-end=\"1347\">\u201cEntrego minha verdade, meu respeito e minha voz \u00e0 m\u00fasica sertaneja\u201d, declarou Paran\u00e1 ao falar sobre o DVD.<\/p>\n<\/blockquote>\n<p data-start=\"1349\" data-end=\"1653\">O cantor tamb\u00e9m faz quest\u00e3o de homenagear o ex-parceiro <strong data-start=\"1405\" data-end=\"1418\">Chico Rey<\/strong>, relembrando sucessos e hist\u00f3rias que marcaram \u00e9poca. O resultado \u00e9 um registro ao vivo que vai al\u00e9m da m\u00fasica \u2014 \u00e9 um reencontro com a ess\u00eancia da viola, das modas antigas e da emo\u00e7\u00e3o que s\u00f3 o sertanejo raiz \u00e9 capaz de proporcionar.<\/p>\n<p data-start=\"1655\" data-end=\"1882\"><strong data-start=\"1655\" data-end=\"1689\">\u201cO Canto do Can\u00e1rio \u2013 Ao Vivo\u201d<\/strong> j\u00e1 est\u00e1 dispon\u00edvel em todas as plataformas digitais, e promete conquistar tanto os f\u00e3s de longa data quanto as novas gera\u00e7\u00f5es que est\u00e3o descobrindo o verdadeiro som do sertanejo tradicional.<\/p>\n","protected":false},"excerpt":{"rendered":"<p>\ud83c\udfb6 Paran\u00e1 lan\u00e7a novo DVD \u201cO Canto do Can\u00e1rio \u2013 Ao Vivo\u201d e emociona f\u00e3s da m\u00fasica sertaneja raiz O cantor Paran\u00e1, um dos grandes nomes da m\u00fasica sertaneja, lan\u00e7ou oficialmente no dia 23 de outubro de 2025 o seu novo DVD solo intitulado \u201cO Canto do Can\u00e1rio \u2013 Ao ...<\/p>\n","protected":false},"author":2,"featured_media":8750,"comment_status":"open","ping_status":"open","sticky":false,"template":"","format":"standard","meta":{"pagelayer_contact_templates":[],"_pagelayer_content":"","_jetpack_memberships_contains_paid_content":false,"footnotes":"","jetpack_publicize_message":"","jetpack_publicize_feature_enabled":true,"jetpack_social_post_already_shared":false,"jetpack_social_options":{"image_generator_settings":{"template":"highway","default_image_id":0,"font":"","enabled":false},"version":2}},"categories":[4],"tags":[95,96,93,92,94,97,98],"class_list":["post-8747","post","type-post","status-publish","format-standard","has-post-thumbnail","hentry","category-musica","tag-modadeviola","tag-musicasertaneja","tag-radiodemodadeviola","tag-radiodemusicaraiz","tag-radiodemusicasertaneja","tag-radiosertaneja","tag-radiosertanejaonline"],"jetpack_publicize_connections":[],"jetpack_featured_media_url":"https:\/\/radioterrafm.com\/site\/wp-content\/uploads\/2025\/10\/imgi_138_maxresdefault.jpg","jetpack_sharing_enabled":true,"_links":{"self":[{"href":"https:\/\/radioterrafm.com\/site\/wp-json\/wp\/v2\/posts\/8747","targetHints":{"allow":["GET"]}}],"collection":[{"href":"https:\/\/radioterrafm.com\/site\/wp-json\/wp\/v2\/posts"}],"about":[{"href":"https:\/\/radioterrafm.com\/site\/wp-json\/wp\/v2\/types\/post"}],"author":[{"embeddable":true,"href":"https:\/\/radioterrafm.com\/site\/wp-json\/wp\/v2\/users\/2"}],"replies":[{"embeddable":true,"href":"https:\/\/radioterrafm.com\/site\/wp-json\/wp\/v2\/comments?post=8747"}],"version-history":[{"count":1,"href":"https:\/\/radioterrafm.com\/site\/wp-json\/wp\/v2\/posts\/8747\/revisions"}],"predecessor-version":[{"id":8751,"href":"https:\/\/radioterrafm.com\/site\/wp-json\/wp\/v2\/posts\/8747\/revisions\/8751"}],"wp:featuredmedia":[{"embeddable":true,"href":"https:\/\/radioterrafm.com\/site\/wp-json\/wp\/v2\/media\/8750"}],"wp:attachment":[{"href":"https:\/\/radioterrafm.com\/site\/wp-json\/wp\/v2\/media?parent=8747"}],"wp:term":[{"taxonomy":"category","embeddable":true,"href":"https:\/\/radioterrafm.com\/site\/wp-json\/wp\/v2\/categories?post=8747"},{"taxonomy":"post_tag","embeddable":true,"href":"https:\/\/radioterrafm.com\/site\/wp-json\/wp\/v2\/tags?post=8747"}],"curies":[{"name":"wp","href":"https:\/\/api.w.org\/{rel}","templated":true}]}}