{"id":8725,"date":"2025-10-28T15:23:47","date_gmt":"2025-10-28T15:23:47","guid":{"rendered":"https:\/\/radioterrafm.com\/site\/?p=8725"},"modified":"2025-11-21T16:21:27","modified_gmt":"2025-11-21T19:21:27","slug":"voce-sabe-de-onde-surgiu-a-musica-caipira-clique-e-descubra","status":"publish","type":"post","link":"https:\/\/radioterrafm.com\/site\/2025\/10\/28\/voce-sabe-de-onde-surgiu-a-musica-caipira-clique-e-descubra\/","title":{"rendered":"Voc\u00ea sabe de onde surgiu a m\u00fasica caipira? Clique e Descubra."},"content":{"rendered":"<p data-start=\"281\" data-end=\"501\">A m\u00fasica caipira \u00e9 mais do que um g\u00eanero \u2014 \u00e9 uma heran\u00e7a viva da cultura brasileira! Nascida nas fazendas e sert\u00f5es do interior, ela mistura sons simples, hist\u00f3rias do campo e emo\u00e7\u00f5es profundas que atravessam gera\u00e7\u00f5es.<\/p>\n<p data-start=\"503\" data-end=\"1192\">\ud83d\udc49 <strong data-start=\"506\" data-end=\"520\">Sabia que\u2026<\/strong><br data-start=\"520\" data-end=\"523\" \/>\ud83d\udd39 A m\u00fasica caipira surgiu no final do s\u00e9culo XIX, com influ\u00eancias de modas de viola, catiras, folias e desafios entre violeiros.<br data-start=\"652\" data-end=\"655\" \/>\ud83d\udd39 Os primeiros instrumentos usados eram feitos \u00e0 m\u00e3o! Muitas violas eram produzidas pelos pr\u00f3prios m\u00fasicos, com madeira da regi\u00e3o.<br data-start=\"786\" data-end=\"789\" \/>\ud83d\udd39 Diferente do sertanejo moderno, a m\u00fasica caipira tem letras que exaltam a vida simples, o amor \u00e0 terra e as tradi\u00e7\u00f5es do povo rural.<br data-start=\"924\" data-end=\"927\" \/>\ud83d\udd39 Duplas como <strong data-start=\"942\" data-end=\"970\">Ti\u00e3o Carreiro &amp; Pardinho<\/strong>, <strong data-start=\"972\" data-end=\"991\" data-is-only-node=\"\">Tonico &amp; Tinoco<\/strong> e <strong data-start=\"994\" data-end=\"1007\">Liu &amp; L\u00e9u<\/strong> abriram caminho para tudo que conhecemos hoje como sertanejo.<br data-start=\"1069\" data-end=\"1072\" \/>\ud83d\udd39 A \u201cviola caipira\u201d tem <strong data-start=\"1097\" data-end=\"1110\">10 cordas<\/strong>, e cada regi\u00e3o do Brasil tem seu pr\u00f3prio jeito de afinar e tocar o instrumento.<\/p>\n<p data-start=\"1194\" data-end=\"1371\">\ud83c\udfb6 Mesmo com o passar do tempo e a chegada de novos estilos, a m\u00fasica caipira continua viva \u2014 presente nas r\u00e1dios, nos palcos e, principalmente, no cora\u00e7\u00e3o do povo brasileiro.<\/p>\n","protected":false},"excerpt":{"rendered":"<p>A m\u00fasica caipira \u00e9 mais do que um g\u00eanero \u2014 \u00e9 uma heran\u00e7a viva da cultura brasileira! Nascida nas fazendas e sert\u00f5es do interior, ela mistura sons simples, hist\u00f3rias do campo e emo\u00e7\u00f5es profundas que atravessam gera\u00e7\u00f5es. \ud83d\udc49 Sabia que\u2026\ud83d\udd39 A m\u00fasica caipira surgiu no final do s\u00e9culo XIX, com ...<\/p>\n","protected":false},"author":2,"featured_media":8730,"comment_status":"open","ping_status":"open","sticky":false,"template":"","format":"standard","meta":{"pagelayer_contact_templates":[],"_pagelayer_content":"","_jetpack_memberships_contains_paid_content":false,"footnotes":"","jetpack_publicize_message":"","jetpack_publicize_feature_enabled":true,"jetpack_social_post_already_shared":false,"jetpack_social_options":{"image_generator_settings":{"template":"highway","default_image_id":0,"font":"","enabled":false},"version":2}},"categories":[2],"tags":[95,96,93,92,94,97,98],"class_list":["post-8725","post","type-post","status-publish","format-standard","has-post-thumbnail","hentry","category-curiosidades","tag-modadeviola","tag-musicasertaneja","tag-radiodemodadeviola","tag-radiodemusicaraiz","tag-radiodemusicasertaneja","tag-radiosertaneja","tag-radiosertanejaonline"],"jetpack_publicize_connections":[],"jetpack_featured_media_url":"https:\/\/radioterrafm.com\/site\/wp-content\/uploads\/2025\/10\/viola.jpeg","jetpack_sharing_enabled":true,"_links":{"self":[{"href":"https:\/\/radioterrafm.com\/site\/wp-json\/wp\/v2\/posts\/8725","targetHints":{"allow":["GET"]}}],"collection":[{"href":"https:\/\/radioterrafm.com\/site\/wp-json\/wp\/v2\/posts"}],"about":[{"href":"https:\/\/radioterrafm.com\/site\/wp-json\/wp\/v2\/types\/post"}],"author":[{"embeddable":true,"href":"https:\/\/radioterrafm.com\/site\/wp-json\/wp\/v2\/users\/2"}],"replies":[{"embeddable":true,"href":"https:\/\/radioterrafm.com\/site\/wp-json\/wp\/v2\/comments?post=8725"}],"version-history":[{"count":1,"href":"https:\/\/radioterrafm.com\/site\/wp-json\/wp\/v2\/posts\/8725\/revisions"}],"predecessor-version":[{"id":8729,"href":"https:\/\/radioterrafm.com\/site\/wp-json\/wp\/v2\/posts\/8725\/revisions\/8729"}],"wp:featuredmedia":[{"embeddable":true,"href":"https:\/\/radioterrafm.com\/site\/wp-json\/wp\/v2\/media\/8730"}],"wp:attachment":[{"href":"https:\/\/radioterrafm.com\/site\/wp-json\/wp\/v2\/media?parent=8725"}],"wp:term":[{"taxonomy":"category","embeddable":true,"href":"https:\/\/radioterrafm.com\/site\/wp-json\/wp\/v2\/categories?post=8725"},{"taxonomy":"post_tag","embeddable":true,"href":"https:\/\/radioterrafm.com\/site\/wp-json\/wp\/v2\/tags?post=8725"}],"curies":[{"name":"wp","href":"https:\/\/api.w.org\/{rel}","templated":true}]}}