{"id":8594,"date":"2025-10-27T19:39:07","date_gmt":"2025-10-27T19:39:07","guid":{"rendered":"https:\/\/radioterrafm.com\/site\/?p=8594"},"modified":"2025-11-21T16:19:59","modified_gmt":"2025-11-21T19:19:59","slug":"ronaldo-viola-filho-grava-novo-dvd","status":"publish","type":"post","link":"https:\/\/radioterrafm.com\/site\/2025\/10\/27\/ronaldo-viola-filho-grava-novo-dvd\/","title":{"rendered":"Ronaldo Viola Filho grava novo DVD!"},"content":{"rendered":"<p data-start=\"117\" data-end=\"185\">\ud83c\udfac <strong data-start=\"120\" data-end=\"180\">Novidade fresquinha: Ronaldo Viola Filho grava novo DVD!<\/strong> \ud83c\udfa4<\/p>\n<p data-start=\"187\" data-end=\"450\">\u00c9 com alegria que anunciamos que Ronaldo Viola Filho acaba de gravar seu mais novo projeto em v\u00eddeo: o <strong data-start=\"290\" data-end=\"337\">DVD \u201c<span class=\"text-token-text-primary font-semibold\">Ronaldo, Viola &amp; Churrasco<\/span>\u201d<\/strong>, gravado ao vivo no restaurante e steakhouse <span class=\"text-token-text-primary font-semibold\">Torno Negro Steakhouse<\/span> em Bragan\u00e7a Paulista \u2013 SP!<\/p>\n<p data-start=\"452\" data-end=\"645\">\ud83d\udcc0 No repert\u00f3rio: modas de viola, cl\u00e1ssicos da m\u00fasica sertaneja raiz e toda a energia que Ronaldo traz com sua viola \u2014 com o tempero especial de um \u201cchurrasco\u201d para a plateia que acompanhou.<\/p>\n<p data-start=\"647\" data-end=\"872\">\ud83d\udd0a Fique ligado: o projeto ser\u00e1 disponibilizado em todas as plataformas digitais, e h\u00e1 trechos liberados para mostrar o clima do show ao vivo. Voc\u00ea confere no canal oficial, nas redes sociais e em breve no portal da r\u00e1dio.<\/p>\n<p data-start=\"874\" data-end=\"965\">\ud83d\udcc6 Data de lan\u00e7amento ainda por confirmar \u2014 mas vale acompanhar de perto para n\u00e3o perder!<\/p>\n<p data-start=\"967\" data-end=\"1135\">\ud83d\udccd Um convite especial: se voc\u00ea \u00e9 f\u00e3 de viola, m\u00fasica caipira raiz ou simplesmente quer curtir um som aut\u00eantico com visual de show ao vivo\u2026 esse DVD vem para agradar!<\/p>\n<p data-start=\"1137\" data-end=\"1306\">\ud83d\udc49 Acompanhe Ronaldo Viola Filho nas redes sociais, marque os amigos e fique pronto para esse lan\u00e7amento que promete dar voz \u00e0 viola e celebrar a m\u00fasica autoreal raiz.<\/p>\n<p><iframe title=\"Pe\u00e3o Centen\u00e1rio - Ronaldo Viola Filho\" width=\"1170\" height=\"658\" src=\"https:\/\/www.youtube.com\/embed\/lxPkhOODD3M?feature=oembed\" frameborder=\"0\" allow=\"accelerometer; autoplay; clipboard-write; encrypted-media; gyroscope; picture-in-picture; web-share\" referrerpolicy=\"strict-origin-when-cross-origin\" allowfullscreen><\/iframe><\/p>\n<p>&nbsp;<\/p>\n","protected":false},"excerpt":{"rendered":"<p>\ud83c\udfac Novidade fresquinha: Ronaldo Viola Filho grava novo DVD! \ud83c\udfa4 \u00c9 com alegria que anunciamos que Ronaldo Viola Filho acaba de gravar seu mais novo projeto em v\u00eddeo: o DVD \u201cRonaldo, Viola &amp; Churrasco\u201d, gravado ao vivo no restaurante e steakhouse Torno Negro Steakhouse em Bragan\u00e7a Paulista \u2013 SP! \ud83d\udcc0 ...<\/p>\n","protected":false},"author":2,"featured_media":8731,"comment_status":"open","ping_status":"open","sticky":false,"template":"","format":"standard","meta":{"pagelayer_contact_templates":[],"_pagelayer_content":"","_jetpack_memberships_contains_paid_content":false,"footnotes":"","jetpack_publicize_message":"","jetpack_publicize_feature_enabled":true,"jetpack_social_post_already_shared":false,"jetpack_social_options":{"image_generator_settings":{"template":"highway","default_image_id":0,"font":"","enabled":false},"version":2}},"categories":[4],"tags":[95,96,93,92,94,97,98],"class_list":["post-8594","post","type-post","status-publish","format-standard","has-post-thumbnail","hentry","category-musica","tag-modadeviola","tag-musicasertaneja","tag-radiodemodadeviola","tag-radiodemusicaraiz","tag-radiodemusicasertaneja","tag-radiosertaneja","tag-radiosertanejaonline"],"jetpack_publicize_connections":[],"jetpack_featured_media_url":"https:\/\/radioterrafm.com\/site\/wp-content\/uploads\/2025\/10\/ronaldo-viola-e1761666363324.jpg","jetpack_sharing_enabled":true,"_links":{"self":[{"href":"https:\/\/radioterrafm.com\/site\/wp-json\/wp\/v2\/posts\/8594","targetHints":{"allow":["GET"]}}],"collection":[{"href":"https:\/\/radioterrafm.com\/site\/wp-json\/wp\/v2\/posts"}],"about":[{"href":"https:\/\/radioterrafm.com\/site\/wp-json\/wp\/v2\/types\/post"}],"author":[{"embeddable":true,"href":"https:\/\/radioterrafm.com\/site\/wp-json\/wp\/v2\/users\/2"}],"replies":[{"embeddable":true,"href":"https:\/\/radioterrafm.com\/site\/wp-json\/wp\/v2\/comments?post=8594"}],"version-history":[{"count":4,"href":"https:\/\/radioterrafm.com\/site\/wp-json\/wp\/v2\/posts\/8594\/revisions"}],"predecessor-version":[{"id":8746,"href":"https:\/\/radioterrafm.com\/site\/wp-json\/wp\/v2\/posts\/8594\/revisions\/8746"}],"wp:featuredmedia":[{"embeddable":true,"href":"https:\/\/radioterrafm.com\/site\/wp-json\/wp\/v2\/media\/8731"}],"wp:attachment":[{"href":"https:\/\/radioterrafm.com\/site\/wp-json\/wp\/v2\/media?parent=8594"}],"wp:term":[{"taxonomy":"category","embeddable":true,"href":"https:\/\/radioterrafm.com\/site\/wp-json\/wp\/v2\/categories?post=8594"},{"taxonomy":"post_tag","embeddable":true,"href":"https:\/\/radioterrafm.com\/site\/wp-json\/wp\/v2\/tags?post=8594"}],"curies":[{"name":"wp","href":"https:\/\/api.w.org\/{rel}","templated":true}]}}