{"id":8586,"date":"2025-10-27T19:24:24","date_gmt":"2025-10-27T19:24:24","guid":{"rendered":"https:\/\/radioterrafm.com\/site\/?p=8586"},"modified":"2025-11-21T16:09:48","modified_gmt":"2025-11-21T19:09:48","slug":"curiosidades-sobre-tiao-carreiro-o-rei-da-viola","status":"publish","type":"post","link":"https:\/\/radioterrafm.com\/site\/2025\/10\/27\/curiosidades-sobre-tiao-carreiro-o-rei-da-viola\/","title":{"rendered":"Curiosidades sobre Ti\u00e3o Carreiro, o Rei da Viola"},"content":{"rendered":"<h2 data-start=\"173\" data-end=\"232\">\ud83c\udfb6 Curiosidades sobre Ti\u00e3o Carreiro, o Rei da Viola \ud83c\udfb8<\/h2>\n<p data-start=\"234\" data-end=\"476\">Falar de <strong data-start=\"243\" data-end=\"268\">m\u00fasica sertaneja raiz<\/strong> \u00e9 falar de <strong data-start=\"280\" data-end=\"297\">Ti\u00e3o Carreiro<\/strong>, um dos maiores nomes da hist\u00f3ria da viola caipira. Conhecido como <strong data-start=\"365\" data-end=\"385\">\u201cO Rei da Viola\u201d<\/strong>, ele deixou um legado que atravessa gera\u00e7\u00f5es e continua influenciando artistas at\u00e9 hoje.<\/p>\n<h3 data-start=\"478\" data-end=\"508\">\ud83c\udf3e O In\u00edcio de uma Lenda<\/h3>\n<p data-start=\"509\" data-end=\"808\">Ti\u00e3o Carreiro nasceu em 1934, na cidade de Montes Claros, em Minas Gerais, com o nome <strong data-start=\"595\" data-end=\"614\">Jos\u00e9 Dias Nunes<\/strong>. Desde cedo, mostrou talento com a viola e uma liga\u00e7\u00e3o profunda com as tradi\u00e7\u00f5es caipiras. Sua jornada na m\u00fasica come\u00e7ou ainda jovem, quando se mudou para S\u00e3o Paulo em busca de oportunidades.<\/p>\n<h3 data-start=\"810\" data-end=\"839\">\ud83c\udfa4 A Dupla Inesquec\u00edvel<\/h3>\n<p data-start=\"840\" data-end=\"1094\">Ao lado de <strong data-start=\"851\" data-end=\"863\">Pardinho<\/strong>, formou uma das duplas mais marcantes da m\u00fasica sertaneja: <strong data-start=\"923\" data-end=\"951\">Ti\u00e3o Carreiro &amp; Pardinho<\/strong>. Juntos, lan\u00e7aram sucessos que se tornaram cl\u00e1ssicos, como <em data-start=\"1011\" data-end=\"1031\">Pagode em Bras\u00edlia<\/em>, <em data-start=\"1033\" data-end=\"1047\">Boi Soberano<\/em>, <em data-start=\"1049\" data-end=\"1062\">Rei do Gado<\/em> e <em data-start=\"1065\" data-end=\"1091\">Cochilou o Cachimbo Caiu<\/em>.<\/p>\n<h3 data-start=\"1096\" data-end=\"1135\">\ud83c\udfb5 O Criador do \u201cPagode de Viola\u201d<\/h3>\n<p data-start=\"1136\" data-end=\"1524\">Um dos maiores legados de Ti\u00e3o Carreiro foi a cria\u00e7\u00e3o do <strong data-start=\"1193\" data-end=\"1212\">Pagode de Viola<\/strong>, um ritmo aut\u00eantico que mistura batidas marcadas da viola com letras que retratam o cotidiano simples do homem do campo. Esse estilo se tornou s\u00edmbolo da m\u00fasica sertaneja de raiz e \u00e9 at\u00e9 hoje reverenciado por artistas como <strong data-start=\"1436\" data-end=\"1463\">C\u00e9sar Menotti &amp; Fabiano<\/strong>, <strong data-start=\"1465\" data-end=\"1489\">Chit\u00e3ozinho &amp; Xoror\u00f3<\/strong> e <strong data-start=\"1492\" data-end=\"1521\">Zez\u00e9 Di Camargo &amp; Luciano<\/strong>.<\/p>\n<h3 data-start=\"1526\" data-end=\"1552\">\ud83e\ude95 O Mestre da Viola<\/h3>\n<p data-start=\"1553\" data-end=\"1772\">A t\u00e9cnica de Ti\u00e3o Carreiro com a viola caipira era \u00fanica. Ele tinha um toque firme, um estilo inconfund\u00edvel e uma presen\u00e7a de palco que encantava o p\u00fablico. Por isso, ganhou com justi\u00e7a o t\u00edtulo de <strong data-start=\"1751\" data-end=\"1769\">\u201cRei da Viola\u201d<\/strong>.<\/p>\n<h3 data-start=\"1774\" data-end=\"1808\">\ud83c\udf1f Um Legado que Nunca Morre<\/h3>\n<p data-start=\"1809\" data-end=\"2096\">Mesmo ap\u00f3s seu falecimento, em 1993, Ti\u00e3o Carreiro continua vivo atrav\u00e9s de suas can\u00e7\u00f5es e da influ\u00eancia que exerceu sobre toda a m\u00fasica sertaneja brasileira. Suas letras simples, melodias marcantes e a for\u00e7a da cultura caipira permanecem como um verdadeiro patrim\u00f4nio da nossa m\u00fasica.<\/p>\n<hr data-start=\"2098\" data-end=\"2101\" \/>\n<p data-start=\"2103\" data-end=\"2354\">\ud83d\udcfb <strong data-start=\"2106\" data-end=\"2190\">Ti\u00e3o Carreiro: mais que um violeiro, um s\u00edmbolo eterno da m\u00fasica sertaneja raiz!<\/strong><br data-start=\"2190\" data-end=\"2193\" \/>Acompanhe mais hist\u00f3rias e curiosidades sobre os grandes nomes da m\u00fasica caipira aqui na <strong data-start=\"2282\" data-end=\"2325\">R\u00e1dio Terra FM 98.1 &#8211; A casa da M\u00fasica Sertaneja &#8211; S\u00e3o Paulo Capital <\/strong>!<\/p>\n","protected":false},"excerpt":{"rendered":"<p>\ud83c\udfb6 Curiosidades sobre Ti\u00e3o Carreiro, o Rei da Viola \ud83c\udfb8 Falar de m\u00fasica sertaneja raiz \u00e9 falar de Ti\u00e3o Carreiro, um dos maiores nomes da hist\u00f3ria da viola caipira. Conhecido como \u201cO Rei da Viola\u201d, ele deixou um legado que atravessa gera\u00e7\u00f5es e continua influenciando artistas at\u00e9 hoje. \ud83c\udf3e O ...<\/p>\n","protected":false},"author":2,"featured_media":8589,"comment_status":"open","ping_status":"open","sticky":false,"template":"","format":"standard","meta":{"pagelayer_contact_templates":[],"_pagelayer_content":"","_jetpack_memberships_contains_paid_content":false,"footnotes":"","jetpack_publicize_message":"","jetpack_publicize_feature_enabled":true,"jetpack_social_post_already_shared":false,"jetpack_social_options":{"image_generator_settings":{"template":"highway","default_image_id":0,"font":"","enabled":false},"version":2}},"categories":[2],"tags":[96,93,92,94,97,98],"class_list":["post-8586","post","type-post","status-publish","format-standard","has-post-thumbnail","hentry","category-curiosidades","tag-musicasertaneja","tag-radiodemodadeviola","tag-radiodemusicaraiz","tag-radiodemusicasertaneja","tag-radiosertaneja","tag-radiosertanejaonline"],"jetpack_publicize_connections":[],"jetpack_featured_media_url":"https:\/\/radioterrafm.com\/site\/wp-content\/uploads\/2025\/10\/tiao-carreiro.png","jetpack_sharing_enabled":true,"_links":{"self":[{"href":"https:\/\/radioterrafm.com\/site\/wp-json\/wp\/v2\/posts\/8586","targetHints":{"allow":["GET"]}}],"collection":[{"href":"https:\/\/radioterrafm.com\/site\/wp-json\/wp\/v2\/posts"}],"about":[{"href":"https:\/\/radioterrafm.com\/site\/wp-json\/wp\/v2\/types\/post"}],"author":[{"embeddable":true,"href":"https:\/\/radioterrafm.com\/site\/wp-json\/wp\/v2\/users\/2"}],"replies":[{"embeddable":true,"href":"https:\/\/radioterrafm.com\/site\/wp-json\/wp\/v2\/comments?post=8586"}],"version-history":[{"count":4,"href":"https:\/\/radioterrafm.com\/site\/wp-json\/wp\/v2\/posts\/8586\/revisions"}],"predecessor-version":[{"id":8593,"href":"https:\/\/radioterrafm.com\/site\/wp-json\/wp\/v2\/posts\/8586\/revisions\/8593"}],"wp:featuredmedia":[{"embeddable":true,"href":"https:\/\/radioterrafm.com\/site\/wp-json\/wp\/v2\/media\/8589"}],"wp:attachment":[{"href":"https:\/\/radioterrafm.com\/site\/wp-json\/wp\/v2\/media?parent=8586"}],"wp:term":[{"taxonomy":"category","embeddable":true,"href":"https:\/\/radioterrafm.com\/site\/wp-json\/wp\/v2\/categories?post=8586"},{"taxonomy":"post_tag","embeddable":true,"href":"https:\/\/radioterrafm.com\/site\/wp-json\/wp\/v2\/tags?post=8586"}],"curies":[{"name":"wp","href":"https:\/\/api.w.org\/{rel}","templated":true}]}}