{"id":8575,"date":"2025-10-27T19:01:10","date_gmt":"2025-10-27T19:01:10","guid":{"rendered":"https:\/\/radioterrafm.com\/site\/?p=8575"},"modified":"2025-11-21T15:59:38","modified_gmt":"2025-11-21T18:59:38","slug":"bem-vindo-ao-novo-portal-de-noticias-da-radio-terra","status":"publish","type":"post","link":"https:\/\/radioterrafm.com\/site\/2025\/10\/27\/bem-vindo-ao-novo-portal-de-noticias-da-radio-terra\/","title":{"rendered":"Bem-vindo ao Novo Portal de Not\u00edcias da R\u00e1dio Terra"},"content":{"rendered":"<p data-start=\"125\" data-end=\"193\">\ud83c\udf99\ufe0f <strong data-start=\"129\" data-end=\"188\">Novo Portal da R\u00e1dio Terra FM 98.1 \u2014 S\u00e3o Paulo Capital!<\/strong> \ud83c\udf10<\/p>\n<p data-start=\"195\" data-end=\"572\">A <strong data-start=\"197\" data-end=\"220\">R\u00e1dio Terra FM 98.1<\/strong> est\u00e1 de cara nova! Nosso novo portal acaba de ser lan\u00e7ado, trazendo uma experi\u00eancia moderna, din\u00e2mica e totalmente integrada. Agora, nossa audi\u00eancia pode ficar ainda mais conectada com a <strong data-start=\"408\" data-end=\"453\">melhor programa\u00e7\u00e3o sertaneja de S\u00e3o Paulo<\/strong>, acessando <strong data-start=\"465\" data-end=\"520\">informa\u00e7\u00f5es, not\u00edcias, v\u00eddeos, transmiss\u00f5es ao vivo<\/strong> e muito mais \u2014 tudo em <strong data-start=\"544\" data-end=\"569\">m\u00faltiplas plataformas<\/strong>.<\/p>\n<p data-start=\"574\" data-end=\"855\">Com o novo site, voc\u00ea acompanha tudo o que acontece na m\u00fasica, no entretenimento e no mundo sertanejo, de qualquer lugar e a qualquer hora.<br data-start=\"713\" data-end=\"716\" \/>Al\u00e9m do r\u00e1dio, estamos presentes <strong data-start=\"749\" data-end=\"798\">no celular, no computador e nas redes sociais<\/strong>, levando a energia da Terra FM para onde voc\u00ea estiver.<\/p>\n<p data-start=\"857\" data-end=\"1062\">\ud83d\udc49 <strong data-start=\"860\" data-end=\"915\">Acesse, participe e fique por dentro das novidades!<\/strong><br data-start=\"915\" data-end=\"918\" \/>O novo portal da <strong data-start=\"935\" data-end=\"958\">R\u00e1dio Terra FM 98.1<\/strong> \u00e9 feito para voc\u00ea \u2014 nossa audi\u00eancia fiel, que agora tem informa\u00e7\u00e3o e m\u00fasica boa em todos os formatos.<\/p>\n<p data-start=\"1064\" data-end=\"1144\">\ud83d\udcfb <strong data-start=\"1067\" data-end=\"1144\">R\u00e1dio Terra FM 98.1 \u2013 A r\u00e1dio que \u00e9 a sua cara, agora em multiplataforma!<\/strong><\/p>\n","protected":false},"excerpt":{"rendered":"<p>\ud83c\udf99\ufe0f Novo Portal da R\u00e1dio Terra FM 98.1 \u2014 S\u00e3o Paulo Capital! \ud83c\udf10 A R\u00e1dio Terra FM 98.1 est\u00e1 de cara nova! Nosso novo portal acaba de ser lan\u00e7ado, trazendo uma experi\u00eancia moderna, din\u00e2mica e totalmente integrada. Agora, nossa audi\u00eancia pode ficar ainda mais conectada com a melhor programa\u00e7\u00e3o sertaneja ...<\/p>\n","protected":false},"author":2,"featured_media":8732,"comment_status":"open","ping_status":"open","sticky":false,"template":"","format":"standard","meta":{"pagelayer_contact_templates":[],"_pagelayer_content":"","_jetpack_memberships_contains_paid_content":false,"footnotes":"","jetpack_publicize_message":"","jetpack_publicize_feature_enabled":true,"jetpack_social_post_already_shared":false,"jetpack_social_options":{"image_generator_settings":{"template":"highway","default_image_id":0,"font":"","enabled":false},"version":2}},"categories":[3],"tags":[95,96,93,92,94,97],"class_list":["post-8575","post","type-post","status-publish","format-standard","has-post-thumbnail","hentry","category-geral","tag-modadeviola","tag-musicasertaneja","tag-radiodemodadeviola","tag-radiodemusicaraiz","tag-radiodemusicasertaneja","tag-radiosertaneja"],"jetpack_publicize_connections":[],"jetpack_featured_media_url":"https:\/\/radioterrafm.com\/site\/wp-content\/uploads\/2025\/10\/radio-1.png","jetpack_sharing_enabled":true,"_links":{"self":[{"href":"https:\/\/radioterrafm.com\/site\/wp-json\/wp\/v2\/posts\/8575","targetHints":{"allow":["GET"]}}],"collection":[{"href":"https:\/\/radioterrafm.com\/site\/wp-json\/wp\/v2\/posts"}],"about":[{"href":"https:\/\/radioterrafm.com\/site\/wp-json\/wp\/v2\/types\/post"}],"author":[{"embeddable":true,"href":"https:\/\/radioterrafm.com\/site\/wp-json\/wp\/v2\/users\/2"}],"replies":[{"embeddable":true,"href":"https:\/\/radioterrafm.com\/site\/wp-json\/wp\/v2\/comments?post=8575"}],"version-history":[{"count":4,"href":"https:\/\/radioterrafm.com\/site\/wp-json\/wp\/v2\/posts\/8575\/revisions"}],"predecessor-version":[{"id":8733,"href":"https:\/\/radioterrafm.com\/site\/wp-json\/wp\/v2\/posts\/8575\/revisions\/8733"}],"wp:featuredmedia":[{"embeddable":true,"href":"https:\/\/radioterrafm.com\/site\/wp-json\/wp\/v2\/media\/8732"}],"wp:attachment":[{"href":"https:\/\/radioterrafm.com\/site\/wp-json\/wp\/v2\/media?parent=8575"}],"wp:term":[{"taxonomy":"category","embeddable":true,"href":"https:\/\/radioterrafm.com\/site\/wp-json\/wp\/v2\/categories?post=8575"},{"taxonomy":"post_tag","embeddable":true,"href":"https:\/\/radioterrafm.com\/site\/wp-json\/wp\/v2\/tags?post=8575"}],"curies":[{"name":"wp","href":"https:\/\/api.w.org\/{rel}","templated":true}]}}